{"id":9624,"date":"2025-08-18T20:18:28","date_gmt":"2025-08-18T19:18:28","guid":{"rendered":"https:\/\/informacionlocal.es\/las-fiestas-en-honor-a-nuestra-senora-de-la-antigua-con-amplia-y-divertida-programacion\/"},"modified":"2025-08-18T20:18:28","modified_gmt":"2025-08-18T19:18:28","slug":"las-fiestas-en-honor-a-nuestra-senora-de-la-antigua-con-amplia-y-divertida-programacion","status":"publish","type":"post","link":"https:\/\/informacionlocal.es\/de\/las-fiestas-en-honor-a-nuestra-senora-de-la-antigua-con-amplia-y-divertida-programacion\/","title":{"rendered":"Las Fiestas en Honor a Nuestra Se\u00f1ora de La Antigua con amplia y divertida programaci\u00f3n"},"content":{"rendered":"<div class=\"elementor-widget-container\">\n<p><strong>Las Fiestas en Honor a Nuestra Se\u00f1ora de La Antigua con amplia y divertida programaci\u00f3n<\/strong><\/p>\n<p><strong>\u2022 Las Fiestas de Antigua presentan un Cartel organizado conjuntamente por la Concejal\u00eda de Festejos y la Comisi\u00f3n de Fiestas, ofreciendo una amplia programaci\u00f3n de eventos desde noches de humor, de mariachis, de verbena, de solistas, fiestas infantiles y el Concierto en Gira de David Bustamante.<\/strong><\/p>\n<p><strong>\u2022 La programaci\u00f3n festiva en Honor a Nuestra Se\u00f1ora de La Antigua se complementa con una programaci\u00f3n de destacadas citas deportivas como la carreta de Motocross en Los Alares, la Antigua Xtreme Race, el treinta aniversario del Rally de Antigua y por primera vez en la isla la I Carrera de Caballos Fiestas de Antigua puntuable en competici\u00f3n insular y regional, as\u00ed como el campeonato del Rally Virtual SIM.<\/strong><\/p>\n<p>Este lunes 18 de agosto por la ma\u00f1ana, se ha celebrado la Presentaci\u00f3n de las Fiestas patronales en Honor a Nuestra Se\u00f1ora de La Antigua, mostrando el alcalde, Mat\u00edas Pe\u00f1a Garc\u00eda los principales actos destacados del programa, en el que ha resaltado el trabajo de la Comisi\u00f3n de Fiestas, felicitado a la pregonera de este a\u00f1o, Pepa Hern\u00e1ndez y se\u00f1alado la presencia del alcalde y concejales de la Corporaci\u00f3n de la Villa de Arafo para representar el Hermanamiento entre ambos pueblos.<\/p>\n<p>A la presentaci\u00f3n de estas Fiestas de Antigua 2025 asist\u00edan adem\u00e1s de los concejales de Fiestas y Deportes, Pedro M. Armas Mart\u00edn y Samuel Torres Mesa, respectivamente, la portavoz de la Comisi\u00f3n de Fiestas, Nerea Santana que recordaba la importancia de la participaci\u00f3n del pueblo en los festejos, animando especialmente a participar en la Escalas en Hifi adulta e infantil, as\u00ed como Pepa Hern\u00e1ndez, pregonera que dar\u00e1 inici\u00f3 a las Fiestas de Antigua, y que agradec\u00eda el honor de ser elegida para este fin tras tantos y tantos a\u00f1os participando en las fiestas de su pueblo.<\/p>\n<p>\u00a0<\/p>\n<p>\u00a0<\/p>\n<\/div>\n","protected":false},"excerpt":{"rendered":"<p><strong>Las Fiestas en Honor a Nuestra Se\u00f1ora de La Antigua con amplia y divertida programaci\u00f3n<\/strong><\/p>\n","protected":false},"author":1,"featured_media":9626,"comment_status":"open","ping_status":"open","sticky":false,"template":"","format":"standard","meta":{"inline_featured_image":false,"jnews-multi-image_gallery":[],"jnews_single_post":[],"jnews_primary_category":[],"jnews_social_meta":[],"jnews_override_counter":[],"jnews_post_split":[],"footnotes":""},"categories":[59],"tags":[69],"class_list":["post-9624","post","type-post","status-publish","format-standard","has-post-thumbnail","hentry","category-antigua","tag-eventos"],"jetpack_featured_media_url":"https:\/\/informacionlocal.es\/wp-content\/uploads\/2025\/08\/presentacion-fiestas-de-antigua-scaled-1.jpg","_links":{"self":[{"href":"https:\/\/informacionlocal.es\/de\/wp-json\/wp\/v2\/posts\/9624","targetHints":{"allow":["GET"]}}],"collection":[{"href":"https:\/\/informacionlocal.es\/de\/wp-json\/wp\/v2\/posts"}],"about":[{"href":"https:\/\/informacionlocal.es\/de\/wp-json\/wp\/v2\/types\/post"}],"author":[{"embeddable":true,"href":"https:\/\/informacionlocal.es\/de\/wp-json\/wp\/v2\/users\/1"}],"replies":[{"embeddable":true,"href":"https:\/\/informacionlocal.es\/de\/wp-json\/wp\/v2\/comments?post=9624"}],"version-history":[{"count":0,"href":"https:\/\/informacionlocal.es\/de\/wp-json\/wp\/v2\/posts\/9624\/revisions"}],"wp:featuredmedia":[{"embeddable":true,"href":"https:\/\/informacionlocal.es\/de\/wp-json\/wp\/v2\/media\/9626"}],"wp:attachment":[{"href":"https:\/\/informacionlocal.es\/de\/wp-json\/wp\/v2\/media?parent=9624"}],"wp:term":[{"taxonomy":"category","embeddable":true,"href":"https:\/\/informacionlocal.es\/de\/wp-json\/wp\/v2\/categories?post=9624"},{"taxonomy":"post_tag","embeddable":true,"href":"https:\/\/informacionlocal.es\/de\/wp-json\/wp\/v2\/tags?post=9624"}],"curies":[{"name":"wp","href":"https:\/\/api.w.org\/{rel}","templated":true}]}}