{"id":9618,"date":"2025-08-18T19:00:46","date_gmt":"2025-08-18T18:00:46","guid":{"rendered":"https:\/\/informacionlocal.es\/el-ayuntamiento-de-puerto-del-rosario-abre-el-plazo-para-solicitar-las-ayudas-escolares-del-curso-2025-2026\/"},"modified":"2025-08-18T19:00:46","modified_gmt":"2025-08-18T18:00:46","slug":"el-ayuntamiento-de-puerto-del-rosario-abre-el-plazo-para-solicitar-las-ayudas-escolares-del-curso-2025-2026","status":"publish","type":"post","link":"https:\/\/informacionlocal.es\/de\/el-ayuntamiento-de-puerto-del-rosario-abre-el-plazo-para-solicitar-las-ayudas-escolares-del-curso-2025-2026\/","title":{"rendered":"El Ayuntamiento de Puerto del Rosario abre el plazo para solicitar las ayudas escolares del curso 2025\/2026"},"content":{"rendered":"<div class=\"entry-content\">\n<p><strong>Las familias podr\u00e1n presentar sus solicitudes<\/strong><strong>del 19 de agosto al 1 de septiembre<\/strong>, <strong>inclusive<\/strong>, <strong>con un presupuesto reforzado de<\/strong><strong>51<\/strong>.<strong>652,13 \u20ac<\/strong><strong>y m\u00e1s umbral de ingresos para ampliar beneficiarios<\/strong><\/p>\n<p>El Ayuntamiento de Puerto del Rosario, a trav\u00e9s del \u00c1rea de Educaci\u00f3n, anuncia la apertura de la convocatoria de <strong>ayudas escolares destinadas al alumnado de Segundo Ciclo de Educaci\u00f3n Infantil, Educaci\u00f3n Primaria y Educaci\u00f3n Secundaria Obligatoria<\/strong> del municipio, correspondientes al curso acad\u00e9mico 2025\/2026.<\/p>\n<p>Para financiar las solicitudes que cumplan con los requisitos establecidos, el Ayuntamiento destina una dotaci\u00f3n presupuestaria de <strong>51.652,13 euros<\/strong>, consignados en la partida del Presupuesto General de Gastos para el ejercicio 2025. Esta cantidad supone un <strong>incremento de 26.652,13 euros respecto a la dotaci\u00f3n inicial<\/strong>, lo que representa un <strong>aumento del 106,61%<\/strong>.<\/p>\n<p>Asimismo, con el objetivo de llegar a un mayor n\u00famero de familias, el l\u00edmite de ingresos brutos anuales de la unidad familiar se eleva de <strong>24.000 euros a 32.000 euros<\/strong>.<\/p>\n<p><strong>Plazo de presentaci\u00f3n de solicitudes<\/strong><\/p>\n<p>Las solicitudes podr\u00e1n presentarse del <strong>19 de agosto al 1 de septiembre de 2025, ambos inclusive<\/strong>.<\/p>\n<ul>\n<li><strong>Modalidades de presentaci\u00f3n:<\/strong>\n<ul>\n<li>Presencialmente, en el Registro General del Ayuntamiento, en horario de atenci\u00f3n al ciudadano, de 8:00 a 13:30 horas<\/li>\n<li>A trav\u00e9s del Registro Electr\u00f3nico Municipal.<\/li>\n<\/ul>\n<\/li>\n<\/ul>\n<p><strong>\u00a0<\/strong><strong>Finalidad de la ayuda<\/strong><\/p>\n<p>Las ayudas escolares est\u00e1n destinadas a apoyar a las familias en la adquisici\u00f3n de:<\/p>\n<ol>\n<li><strong>Libros de texto.<\/strong><\/li>\n<li><strong>Material did\u00e1ctico complementario<\/strong> solicitado por el centro educativo de referencia (cuadernos, material de escritura y\/o dibujo, cartulinas, folios, plastilina y similares).<\/li>\n<li><strong>Material complementario<\/strong>, como mochilas, estuches, fiambreras o botellas de agua, siempre ajust\u00e1ndose al precio m\u00e1s econ\u00f3mico.<\/li>\n<\/ol>\n<p>Estas ayudas no cubren los materiales ya subvencionados por la Consejer\u00eda de Educaci\u00f3n del Gobierno de Canarias para los centros p\u00fablicos.<\/p>\n<p>El <strong>alcalde de Puerto del Rosario, David de Vera<\/strong>, destac\u00f3 que \u201cel compromiso de este grupo de gobierno es claro: seguir apoyando a las familias del municipio para garantizar la igualdad de oportunidades en el acceso a la educaci\u00f3n. El incremento en la cuant\u00eda y en los l\u00edmites de renta responde a la realidad actual y permitir\u00e1 que m\u00e1s hogares puedan beneficiarse de estas ayudas.\u201d<\/p>\n<p>Por su parte, la <strong>concejala de Educaci\u00f3n, Tacoremi Guti\u00e9rrez<\/strong>, subray\u00f3 que \u201ccon esta convocatoria se refuerza el acompa\u00f1amiento a las familias en la adquisici\u00f3n de libros y material escolar, contribuyendo a reducir la carga econ\u00f3mica que supone el inicio de curso. Queremos que ning\u00fan menor de Puerto del Rosario vea limitada su formaci\u00f3n por cuestiones econ\u00f3micas.\u201d<\/p>\n<p><strong>Informaci\u00f3n adicional<\/strong><\/p>\n<p>Las bases completas de la convocatoria pueden consultarse en la p\u00e1gina web municipal, en el \u00e1rea tem\u00e1tica de <strong>\u2018Educaci\u00f3n\u2019 \u2192 <\/strong>: www.puertodelrosario.org, en el BOP del 18 de agosto y en el tabl\u00f3n de anuncios.<\/p>\n<h3>Contacto<\/h3>\n<p>Para m\u00e1s informaci\u00f3n o aclaraciones: <strong>educacion@puertodelrosario.org<\/strong><\/p>\n<\/div>\n","protected":false},"excerpt":{"rendered":"<p>Las familias podr\u00e1n presentar sus solicitudesdel 19 de agosto al 1 de septiembre, inclusive, con un presupuesto reforzado de51.652,13 \u20acy m\u00e1s umbral de ingresos para ampliar beneficiarios El Ayuntamiento de [&hellip;]<\/p>\n","protected":false},"author":1,"featured_media":9620,"comment_status":"open","ping_status":"open","sticky":false,"template":"","format":"standard","meta":{"inline_featured_image":false,"jnews-multi-image_gallery":[],"jnews_single_post":[],"jnews_primary_category":[],"jnews_social_meta":[],"jnews_override_counter":[],"jnews_post_split":[],"footnotes":""},"categories":[61],"tags":[73],"class_list":["post-9618","post","type-post","status-publish","format-standard","has-post-thumbnail","hentry","category-puerto-del-rosario","tag-educacion"],"jetpack_featured_media_url":"https:\/\/informacionlocal.es\/wp-content\/uploads\/2025\/08\/ayudas-escolares-25-26.jpeg","_links":{"self":[{"href":"https:\/\/informacionlocal.es\/de\/wp-json\/wp\/v2\/posts\/9618","targetHints":{"allow":["GET"]}}],"collection":[{"href":"https:\/\/informacionlocal.es\/de\/wp-json\/wp\/v2\/posts"}],"about":[{"href":"https:\/\/informacionlocal.es\/de\/wp-json\/wp\/v2\/types\/post"}],"author":[{"embeddable":true,"href":"https:\/\/informacionlocal.es\/de\/wp-json\/wp\/v2\/users\/1"}],"replies":[{"embeddable":true,"href":"https:\/\/informacionlocal.es\/de\/wp-json\/wp\/v2\/comments?post=9618"}],"version-history":[{"count":0,"href":"https:\/\/informacionlocal.es\/de\/wp-json\/wp\/v2\/posts\/9618\/revisions"}],"wp:featuredmedia":[{"embeddable":true,"href":"https:\/\/informacionlocal.es\/de\/wp-json\/wp\/v2\/media\/9620"}],"wp:attachment":[{"href":"https:\/\/informacionlocal.es\/de\/wp-json\/wp\/v2\/media?parent=9618"}],"wp:term":[{"taxonomy":"category","embeddable":true,"href":"https:\/\/informacionlocal.es\/de\/wp-json\/wp\/v2\/categories?post=9618"},{"taxonomy":"post_tag","embeddable":true,"href":"https:\/\/informacionlocal.es\/de\/wp-json\/wp\/v2\/tags?post=9618"}],"curies":[{"name":"wp","href":"https:\/\/api.w.org\/{rel}","templated":true}]}}