{"id":961,"date":"2025-04-14T07:02:56","date_gmt":"2025-04-14T07:02:56","guid":{"rendered":"https:\/\/informacionlocal.es\/unterbrechung-der-zufahrt-zur-avenida-de-la-constitucion-in-gran-tarajal-aufgrund-von-bauarbeiten\/"},"modified":"2025-04-14T10:04:21","modified_gmt":"2025-04-14T10:04:21","slug":"unterbrechung-der-zufahrt-zur-avenida-de-la-constitucion-in-gran-tarajal-aufgrund-von-bauarbeiten","status":"publish","type":"post","link":"https:\/\/informacionlocal.es\/de\/unterbrechung-der-zufahrt-zur-avenida-de-la-constitucion-in-gran-tarajal-aufgrund-von-bauarbeiten\/","title":{"rendered":"Unterbrechung der Zufahrt zur Avenida de la Constituci\u00f3n in Gran Tarajal aufgrund von Bauarbeiten"},"content":{"rendered":"<div class=\"article-content-inner\">\n<p>Die Stadtverwaltung von Tuineje informiert die \u00d6ffentlichkeit \u00fcber die vor\u00fcbergehende Schlie\u00dfung der Zufahrt zur Avenida de la Constituci\u00f3n von der Calle Manuel Vel\u00e1zquez Cabrera in der Ortschaft Gran Tarajal aufgrund von Arbeiten zur Verbesserung und Reparatur eines Wasserablaufs in diesem Bereich.<\/p>\n<p>Die Arbeiten wurden in der Osterzeit begonnen, um die Unannehmlichkeiten f\u00fcr den Verkehr und die Anwohner so gering wie m\u00f6glich zu halten und das geringere Verkehrsaufkommen zu dieser Jahreszeit zu nutzen. Es wird erwartet, dass die Stra\u00dfe in den n\u00e4chsten Tagen nach Abschluss der Arbeiten wieder freigegeben werden kann. <\/p>\n<p>Der Stadtrat f\u00fcr Bau und Dienstleistungen, Miguel And\u00fajar, erkl\u00e4rte, dass &#8222;wir mit der Reparatur eines Gullys in schlechtem Zustand fortfahren werden, mit dem Ziel, eine ordnungsgem\u00e4\u00dfe Entw\u00e4sserung zu gew\u00e4hrleisten und die Sicherheit von Fahrzeugen auf \u00f6ffentlichen Stra\u00dfen zu verbessern. Wir arbeiten weiter daran, unsere Infrastrukturen in einem optimalen Zustand zu halten&#8220;. <\/p>\n<p>Die B\u00fcrgermeisterin von Tuineje, Candelaria Umpi\u00e9rrez, wies ihrerseits darauf hin, dass &#8222;der Stadtrat weiterhin an der Verbesserung der st\u00e4dtischen Infrastruktur unserer St\u00e4dte arbeitet, wobei die Sicherheit und das Wohlbefinden unserer Nachbarn im Vordergrund stehen&#8220;.<\/p>\n<p>Das Konsistorium dankt der \u00d6ffentlichkeit f\u00fcr ihr Verst\u00e4ndnis und bittet sie, die provisorische Beschilderung zu beachten, die w\u00e4hrend der Arbeiten aufgestellt wurde.<\/p>\n<\/div>\n","protected":false},"excerpt":{"rendered":"<p>Die Stadtverwaltung von Tuineje informiert die \u00d6ffentlichkeit \u00fcber die vor\u00fcbergehende Schlie\u00dfung der Zufahrt zur Avenida de la Constituci\u00f3n von der Calle Manuel Vel\u00e1zquez Cabrera in der Ortschaft Gran Tarajal aufgrund [&hellip;]<\/p>\n","protected":false},"author":1,"featured_media":872,"comment_status":"open","ping_status":"open","sticky":false,"template":"","format":"standard","meta":{"inline_featured_image":false,"jnews-multi-image_gallery":[],"jnews_single_post":[],"jnews_primary_category":[],"jnews_social_meta":[],"jnews_override_counter":[],"jnews_post_split":[],"footnotes":""},"categories":[299],"tags":[200,196,197,198,199],"class_list":["post-961","post","type-post","status-publish","format-standard","has-post-thumbnail","hentry","category-tuineje-de","tag-arbeiten-und-dienstleistungen","tag-gemeinden","tag-offentliche-dienste","tag-transport","tag-umwelt"],"jetpack_featured_media_url":"https:\/\/informacionlocal.es\/wp-content\/uploads\/2025\/04\/obras.jpeg","_links":{"self":[{"href":"https:\/\/informacionlocal.es\/de\/wp-json\/wp\/v2\/posts\/961","targetHints":{"allow":["GET"]}}],"collection":[{"href":"https:\/\/informacionlocal.es\/de\/wp-json\/wp\/v2\/posts"}],"about":[{"href":"https:\/\/informacionlocal.es\/de\/wp-json\/wp\/v2\/types\/post"}],"author":[{"embeddable":true,"href":"https:\/\/informacionlocal.es\/de\/wp-json\/wp\/v2\/users\/1"}],"replies":[{"embeddable":true,"href":"https:\/\/informacionlocal.es\/de\/wp-json\/wp\/v2\/comments?post=961"}],"version-history":[{"count":1,"href":"https:\/\/informacionlocal.es\/de\/wp-json\/wp\/v2\/posts\/961\/revisions"}],"predecessor-version":[{"id":1708,"href":"https:\/\/informacionlocal.es\/de\/wp-json\/wp\/v2\/posts\/961\/revisions\/1708"}],"wp:featuredmedia":[{"embeddable":true,"href":"https:\/\/informacionlocal.es\/de\/wp-json\/wp\/v2\/media\/872"}],"wp:attachment":[{"href":"https:\/\/informacionlocal.es\/de\/wp-json\/wp\/v2\/media?parent=961"}],"wp:term":[{"taxonomy":"category","embeddable":true,"href":"https:\/\/informacionlocal.es\/de\/wp-json\/wp\/v2\/categories?post=961"},{"taxonomy":"post_tag","embeddable":true,"href":"https:\/\/informacionlocal.es\/de\/wp-json\/wp\/v2\/tags?post=961"}],"curies":[{"name":"wp","href":"https:\/\/api.w.org\/{rel}","templated":true}]}}