{"id":9560,"date":"2025-08-14T17:02:10","date_gmt":"2025-08-14T16:02:10","guid":{"rendered":"https:\/\/informacionlocal.es\/cabildo-y-usca-piden-soluciones-para-que-se-garantice-la-calidad-del-servicio-de-la-torre-de-control-del-aeropuerto\/"},"modified":"2025-08-14T17:02:10","modified_gmt":"2025-08-14T16:02:10","slug":"cabildo-y-usca-piden-soluciones-para-que-se-garantice-la-calidad-del-servicio-de-la-torre-de-control-del-aeropuerto","status":"publish","type":"post","link":"https:\/\/informacionlocal.es\/de\/cabildo-y-usca-piden-soluciones-para-que-se-garantice-la-calidad-del-servicio-de-la-torre-de-control-del-aeropuerto\/","title":{"rendered":"Cabildo y USCA piden soluciones para que se garantice la calidad del servicio de la torre de control del Aeropuerto"},"content":{"rendered":"<div class=\"entry-content\"><strong>14 agosto, 2025<\/strong><\/p>\n<p><em><strong>Tanto la Corporaci\u00f3n insular como los representantes sindicales exigen que se revierta la privatizaci\u00f3n de las torres de control gestionadas por SAERCO para asegurar un buen funcionamiento del servicio<\/strong><\/em><\/p>\n<p><em><strong>Los cabildos de Fuerteventura, Lanzarote y La Palma pedir\u00e1n, de forma coordinada, el apoyo de la FECAI ante una problem\u00e1tica que afecta a la conectividad del Archipi\u00e9lago<\/strong><\/em><\/p>\n<p>La presidenta del Cabildo de Fuerteventura, Lola Garc\u00eda, se ha reunido hoy con representantes de la Uni\u00f3n Sindical de Controladores A\u00e9reos (USCA), con el objetivo de abordar la situaci\u00f3n del servicio que se viene prestando en el control a\u00e9reo del Aeropuerto de Fuerteventura. Garc\u00eda recibi\u00f3 a la secretaria institucional, Mar\u00eda Jos\u00e9 Vald\u00e9s, y presidenta de USCA, Lola Moreno.<\/p>\n<p>La empresa privada SAERCO, adjudicataria del servicio, ha reconocido, en sede judicial, que no puede cumplir con el servicio en las condiciones laborales adecuadas, ya que su aplicaci\u00f3n la llevar\u00eda a la quiebra. Una inviabilidad econ\u00f3mica estructural que, seg\u00fan advierten desde USCA y el propio Cabildo de Fuerteventura, pone en peligro la prestaci\u00f3n del servicio de forma segura, eficaz, continuada y financieramente sostenible.<\/p>\n<p>Los representantes de USCA han hecho hincapi\u00e9 en la gravedad de la situaci\u00f3n en el Aeropuerto de Fuerteventura, lleg\u00e1ndose a detectar falta de cobertura de turnos y servicios de guardia, movilizaciones de personal sin habilitaci\u00f3n adecuadas y pr\u00e1cticas de precarizaci\u00f3n laboral.<\/p>\n<p>Por este motivo, tanto USCA como el Cabildo de Fuerteventura proponen la suspensi\u00f3n cautelar de la acreditaci\u00f3n a la empresa privada SAERCO y su sustituci\u00f3n por ENAIRE, el proveedor p\u00fablico. Una petici\u00f3n que ya han trasladado al ministro de Transportes y Movilidad Sostenible, como medida para garantizar la continuidad y seguridad del servicio, as\u00ed como la protecci\u00f3n de los derechos laborales.<\/p>\n<p>La presidenta Lola Garc\u00eda afirm\u00f3 que \u201cdesde el Cabildo seguimos con preocupaci\u00f3n una situaci\u00f3n que afecta a nuestra econom\u00eda y forma de vida, que dependen del correcto funcionamiento del aeropuerto. As\u00ed lo trasladamos el pasado 29 de julio al ministro, pidi\u00e9ndole, adem\u00e1s, que supervise el funcionamiento del servicio\u201d.<\/p>\n<p>Seg\u00fan anunci\u00f3 Garc\u00eda, desde la Corporaci\u00f3n insular se trabaja de forma coordinada con los cabildos de La Palma y Lanzarote, cuyos aeropuertos son tambi\u00e9n gestionados por SAERCO, para llevar esta petici\u00f3n a las pr\u00f3ximas sesiones de la Federaci\u00f3n Canaria de Islas (FECAI), \u201cpara que todas las islas vayamos unidas frente una problem\u00e1tica que afecta a la conectividad del Archipi\u00e9lago y que pone en riesgo la continuidad del servicio en Fuerteventura, La Palma y Lanzarote\u201d, concluy\u00f3 Garc\u00eda.<\/p>\n<p>Por su parte, desde USCA se han comprometido a seguir informando a la Corporaci\u00f3n insular sobre la situaci\u00f3n y su evoluci\u00f3n, hasta que se recupere el funcionamiento correcto de este servicio b\u00e1sico y p\u00fablico.<\/p>\n<\/div>\n","protected":false},"excerpt":{"rendered":"<p>14 agosto, 2025 Tanto la Corporaci\u00f3n insular como los representantes sindicales exigen que se revierta la privatizaci\u00f3n de las torres de control gestionadas por SAERCO para asegurar un buen funcionamiento [&hellip;]<\/p>\n","protected":false},"author":1,"featured_media":9562,"comment_status":"open","ping_status":"open","sticky":false,"template":"","format":"standard","meta":{"inline_featured_image":false,"jnews-multi-image_gallery":[],"jnews_single_post":[],"jnews_primary_category":[],"jnews_social_meta":[],"jnews_override_counter":[],"jnews_post_split":[],"footnotes":""},"categories":[58],"tags":[],"class_list":["post-9560","post","type-post","status-publish","format-standard","has-post-thumbnail","hentry","category-cabildo"],"jetpack_featured_media_url":"https:\/\/informacionlocal.es\/wp-content\/uploads\/2025\/08\/reunic3b3n-usca.jpeg","_links":{"self":[{"href":"https:\/\/informacionlocal.es\/de\/wp-json\/wp\/v2\/posts\/9560","targetHints":{"allow":["GET"]}}],"collection":[{"href":"https:\/\/informacionlocal.es\/de\/wp-json\/wp\/v2\/posts"}],"about":[{"href":"https:\/\/informacionlocal.es\/de\/wp-json\/wp\/v2\/types\/post"}],"author":[{"embeddable":true,"href":"https:\/\/informacionlocal.es\/de\/wp-json\/wp\/v2\/users\/1"}],"replies":[{"embeddable":true,"href":"https:\/\/informacionlocal.es\/de\/wp-json\/wp\/v2\/comments?post=9560"}],"version-history":[{"count":0,"href":"https:\/\/informacionlocal.es\/de\/wp-json\/wp\/v2\/posts\/9560\/revisions"}],"wp:featuredmedia":[{"embeddable":true,"href":"https:\/\/informacionlocal.es\/de\/wp-json\/wp\/v2\/media\/9562"}],"wp:attachment":[{"href":"https:\/\/informacionlocal.es\/de\/wp-json\/wp\/v2\/media?parent=9560"}],"wp:term":[{"taxonomy":"category","embeddable":true,"href":"https:\/\/informacionlocal.es\/de\/wp-json\/wp\/v2\/categories?post=9560"},{"taxonomy":"post_tag","embeddable":true,"href":"https:\/\/informacionlocal.es\/de\/wp-json\/wp\/v2\/tags?post=9560"}],"curies":[{"name":"wp","href":"https:\/\/api.w.org\/{rel}","templated":true}]}}