{"id":9524,"date":"2025-08-13T17:00:06","date_gmt":"2025-08-13T16:00:06","guid":{"rendered":"https:\/\/informacionlocal.es\/continuan-las-reuniones-de-la-ordenanza-publica-municipal-con-los-comercios-de-corralejo\/"},"modified":"2025-08-13T17:00:06","modified_gmt":"2025-08-13T16:00:06","slug":"continuan-las-reuniones-de-la-ordenanza-publica-municipal-con-los-comercios-de-corralejo","status":"publish","type":"post","link":"https:\/\/informacionlocal.es\/de\/continuan-las-reuniones-de-la-ordenanza-publica-municipal-con-los-comercios-de-corralejo\/","title":{"rendered":"Contin\u00faan las reuniones de la Ordenanza P\u00fablica Municipal con los comercios de Corralejo"},"content":{"rendered":"<p>El Ayuntamiento de La Oliva, a trav\u00e9s de la Concejal\u00eda de Comercio, que gestiona Alexandra Mart\u00edn, desarrolla una nueva reuni\u00f3n t\u00e9cnica referente a la Ordenanza P\u00fablica Municipal. En esta ocasi\u00f3n, convoca a lo9s propietarios y comercios de Avenida Nuestra Se\u00f1ora de Carmen y la Plaza de la Tenencia de Alcald\u00eda junto con los t\u00e9cnicos municipales y con la presencia del concejal de Urbanismo, David Hern\u00e1ndez. El objetivo, al igual que en anteriores encuentros, es establecer un espacio de di\u00e1logo que permita alcanzar un consenso entre las partes implicadas. <\/p>\n<p>En este sentido, no solo se pudo intercambiar impresiones sobre la situaci\u00f3n actual de la actividad econ\u00f3mica en la zona, sino que adem\u00e1s, se trataron los aspectos relativos a la ocupaci\u00f3n de la v\u00eda p\u00fablica, la homogeneizaci\u00f3n de criterios est\u00e9ticos, la mejora de la accesibilidad y el cumplimiento de la normativa vigente. <\/p>\n<p>El alcalde de La Oliva, Isa\u00ed Blanco, manifest\u00f3 la necesidad de continuar con estos encuentros: \u201cSeguimos con estas reuniones con el sector comercial de Corralejo. Desde el Ayuntamiento consideramos vital fomentar la participaci\u00f3n activa de los comercios en este proceso con el fin de que nos den su visi\u00f3n y perspectiva del asunto y consigamos as\u00ed, adoptar unas medidas que respondan de forma directa a sus necesidades a la vez que cumplimos con la normativa vigente.\u201d <\/p>\n<p>Por su parte, la concejala de Comercio, Alexandra Mart\u00edn, destac\u00f3: \u201cEs esencial trabajar de la mano con el sector comercial para garantizar un equilibrio entre dinamismo econ\u00f3mico, orden urbano y calidad de vida para vecinos y visitantes. La Avenida Nuestra Se\u00f1ora del Carmen es un eje vital para Corralejo y debe contar con una regulaci\u00f3n clara que beneficie a todos, al igual que aquellos comercios que se encuentran en la zona neur\u00e1lgica de Corralejo rodeando la Tenencia de Alcald\u00eda.\u201d <\/p>\n<p>Por \u00faltimo, David Hern\u00e1ndez subray\u00f3: \u201cla coordinaci\u00f3n entre Comercio y Urbanismo es clave para dar una respuesta integral a las necesidades de esta zona. Nuestro objetivo es ordenar y mejorar el espacio urbano, garantizando que el desarrollo comercial se lleve a cabo de manera sostenible, accesible y respetuosa con la imagen del municipio.\u201d<\/p>\n<p>alejo, reforzando as\u00ed su atractivo como destino de compras y ocio para residentes y turistas. <\/p>\n<p>Esta acci\u00f3n refuerza as\u00ed la voluntad del grupo de gobierno por mantener el di\u00e1logo permanente y la b\u00fasqueda de soluciones consensuadas que favorezcan un desarrollo comercial ordenado, sostenible y competitivo.<\/p>\n","protected":false},"excerpt":{"rendered":"<p><span>El Consistorio mantiene el di\u00e1logo con los propietario de Avenida Nuestra Se\u00f1ora del Carmen y la Plaza de Tenencia de Alcald\u00eda ubicadas en la localidad del norte<\/span><\/p>\n","protected":false},"author":1,"featured_media":9526,"comment_status":"open","ping_status":"open","sticky":false,"template":"","format":"standard","meta":{"inline_featured_image":false,"jnews-multi-image_gallery":[],"jnews_single_post":[],"jnews_primary_category":[],"jnews_social_meta":[],"jnews_override_counter":[],"jnews_post_split":[],"footnotes":""},"categories":[62],"tags":[],"class_list":["post-9524","post","type-post","status-publish","format-standard","has-post-thumbnail","hentry","category-la-oliva"],"jetpack_featured_media_url":"https:\/\/informacionlocal.es\/wp-content\/uploads\/2025\/08\/5232_eea0f173.png","_links":{"self":[{"href":"https:\/\/informacionlocal.es\/de\/wp-json\/wp\/v2\/posts\/9524","targetHints":{"allow":["GET"]}}],"collection":[{"href":"https:\/\/informacionlocal.es\/de\/wp-json\/wp\/v2\/posts"}],"about":[{"href":"https:\/\/informacionlocal.es\/de\/wp-json\/wp\/v2\/types\/post"}],"author":[{"embeddable":true,"href":"https:\/\/informacionlocal.es\/de\/wp-json\/wp\/v2\/users\/1"}],"replies":[{"embeddable":true,"href":"https:\/\/informacionlocal.es\/de\/wp-json\/wp\/v2\/comments?post=9524"}],"version-history":[{"count":0,"href":"https:\/\/informacionlocal.es\/de\/wp-json\/wp\/v2\/posts\/9524\/revisions"}],"wp:featuredmedia":[{"embeddable":true,"href":"https:\/\/informacionlocal.es\/de\/wp-json\/wp\/v2\/media\/9526"}],"wp:attachment":[{"href":"https:\/\/informacionlocal.es\/de\/wp-json\/wp\/v2\/media?parent=9524"}],"wp:term":[{"taxonomy":"category","embeddable":true,"href":"https:\/\/informacionlocal.es\/de\/wp-json\/wp\/v2\/categories?post=9524"},{"taxonomy":"post_tag","embeddable":true,"href":"https:\/\/informacionlocal.es\/de\/wp-json\/wp\/v2\/tags?post=9524"}],"curies":[{"name":"wp","href":"https:\/\/api.w.org\/{rel}","templated":true}]}}