{"id":9512,"date":"2025-08-13T15:11:30","date_gmt":"2025-08-13T14:11:30","guid":{"rendered":"https:\/\/informacionlocal.es\/milla-popular-san-roque-en-valles-de-ortega\/"},"modified":"2025-08-13T15:11:30","modified_gmt":"2025-08-13T14:11:30","slug":"milla-popular-san-roque-en-valles-de-ortega","status":"publish","type":"post","link":"https:\/\/informacionlocal.es\/de\/milla-popular-san-roque-en-valles-de-ortega\/","title":{"rendered":"Milla Popular San Roque en Valles de Ortega"},"content":{"rendered":"<div class=\"elementor-widget-container\">\n<p><strong>Milla Popular San Roque en Valles de Ortega<\/strong><\/p>\n<p><strong>La tradicional carrera del verano majorero<\/strong><\/p>\n<p>Mientras la mayor\u00eda del pa\u00eds est\u00e1 de fiesta o de vacaciones este 15 de agosto, D\u00eda de la Virgen, como viene siendo uso y costumbre, el atletismo majorero tiene una parada obligada en Valles de Ortega y Casillas de Morales, para disputar la milla popular de San Roque, que se ha convertido en todo un cl\u00e1sico del verano de Fuerteventura y que ofrece la oportunidad a los y a las participantes de correr una distancia corta en un ambiente festivo dentro de las celebraciones de san Roque.<\/p>\n<p>La popular carrera veraniega presente en esta edici\u00f3n del 2025 una serie de novedades. La primera, la prueba vuelve a su ubicaci\u00f3n tradicional, la plaza p\u00fablica; la segunda el cambio de denominaci\u00f3n, Milla Popular San Roque, en honor al patr\u00f3n de Valles de Ortega y Casillas de Morales; y la tercera, las inscripciones, que siguen siendo gratuitas, se deben hacer en la plataforma www.atletismomajorero.es\/valles-de-ortega.<\/p>\n<p>La milla de san Roque, organizada por la comisi\u00f3n de fiesta y el ayuntamiento de Antigua tendr\u00e1 lugar el jueves 15 de agosto a partir de las 12:00 horas, pudiendo recoger los dorsales a partir de las 10:30 en las inmediaciones de la plaza de la localidad.<\/p>\n<p>La popular milla estival entregar\u00e1 premios para los primeros clasificados masculinos y femeninos, as\u00ed como para los primeros del municipio. En la prueba de menores se conceder\u00e1n medallas conmemorativas a todos los participantes. La milla popular de Los Valles se disputar\u00e1 en los alrededores de la localidad de Valles de Ortega con salida y meta en la plaza p\u00fablica.<\/p>\n<p>Despu\u00e9s de las pruebas atl\u00e9ticas vendr\u00e1 la fiesta del agua, lo que forma parte de la Milla, para finalizar con la entrega de premios y trofeos.<\/p>\n<p>\u00a0<\/p>\n<\/div>\n","protected":false},"excerpt":{"rendered":"<p><strong>Milla Popular San Roque en Valles de Ortega<\/strong><\/p>\n","protected":false},"author":1,"featured_media":9514,"comment_status":"open","ping_status":"open","sticky":false,"template":"","format":"standard","meta":{"inline_featured_image":false,"jnews-multi-image_gallery":[],"jnews_single_post":[],"jnews_primary_category":[],"jnews_social_meta":[],"jnews_override_counter":[],"jnews_post_split":[],"footnotes":""},"categories":[59],"tags":[82],"class_list":["post-9512","post","type-post","status-publish","format-standard","has-post-thumbnail","hentry","category-antigua","tag-fuerteventura"],"jetpack_featured_media_url":"https:\/\/informacionlocal.es\/wp-content\/uploads\/2025\/08\/milla-popular-valles-de-ortega.jpg","_links":{"self":[{"href":"https:\/\/informacionlocal.es\/de\/wp-json\/wp\/v2\/posts\/9512","targetHints":{"allow":["GET"]}}],"collection":[{"href":"https:\/\/informacionlocal.es\/de\/wp-json\/wp\/v2\/posts"}],"about":[{"href":"https:\/\/informacionlocal.es\/de\/wp-json\/wp\/v2\/types\/post"}],"author":[{"embeddable":true,"href":"https:\/\/informacionlocal.es\/de\/wp-json\/wp\/v2\/users\/1"}],"replies":[{"embeddable":true,"href":"https:\/\/informacionlocal.es\/de\/wp-json\/wp\/v2\/comments?post=9512"}],"version-history":[{"count":0,"href":"https:\/\/informacionlocal.es\/de\/wp-json\/wp\/v2\/posts\/9512\/revisions"}],"wp:featuredmedia":[{"embeddable":true,"href":"https:\/\/informacionlocal.es\/de\/wp-json\/wp\/v2\/media\/9514"}],"wp:attachment":[{"href":"https:\/\/informacionlocal.es\/de\/wp-json\/wp\/v2\/media?parent=9512"}],"wp:term":[{"taxonomy":"category","embeddable":true,"href":"https:\/\/informacionlocal.es\/de\/wp-json\/wp\/v2\/categories?post=9512"},{"taxonomy":"post_tag","embeddable":true,"href":"https:\/\/informacionlocal.es\/de\/wp-json\/wp\/v2\/tags?post=9512"}],"curies":[{"name":"wp","href":"https:\/\/api.w.org\/{rel}","templated":true}]}}