{"id":9506,"date":"2025-08-13T13:58:35","date_gmt":"2025-08-13T12:58:35","guid":{"rendered":"https:\/\/informacionlocal.es\/magnifico-pregon-inicial-de-las-fiestas-de-valles-de-ortega-en-honor-a-san-roque\/"},"modified":"2025-08-13T13:58:35","modified_gmt":"2025-08-13T12:58:35","slug":"magnifico-pregon-inicial-de-las-fiestas-de-valles-de-ortega-en-honor-a-san-roque","status":"publish","type":"post","link":"https:\/\/informacionlocal.es\/de\/magnifico-pregon-inicial-de-las-fiestas-de-valles-de-ortega-en-honor-a-san-roque\/","title":{"rendered":"Magn\u00edfico preg\u00f3n inicial de las Fiestas de Valles de Ortega en Honor a San Roque"},"content":{"rendered":"<div class=\"elementor-widget-container\">\n<p><strong>Magn\u00edfico preg\u00f3n inicial de las Fiestas de Valles de Ortega en Honor a San Roque<\/strong><\/p>\n<p><strong>\u2022 El alcalde felicita a todos los participantes en el Preg\u00f3n, as\u00ed como a Tina Vel\u00e1zquez Camejo, encargada del v\u00eddeo proyectado con m\u00e1s de veinte vecinos y vecinas protagonistas, as\u00ed como destaca el impulso y protagonismo que desde hace a\u00f1os tiene la Comisi\u00f3n de Fiestas, ahora presidida por una impulsora y din\u00e1mica vecina, Presilia Hern\u00e1ndez Alfonso<\/strong><\/p>\n<p><strong>\u2022 La Charanga Acontratiempo de Antigua y Laly Jean pusieron la m\u00fasica a una magn\u00edfica noche que termin\u00f3 con baile, felicitaciones y un brindis popular con garbanzada y sabrosas croquetas para todos y todas.<\/strong><\/p>\n<p>Las Fiestas de Valles de Ortega recuerda el concejal de Festejos, Pedro M. Armas, contin\u00faan este jueves a las 20:30 horas, con las estrellas del pueblo en la Gran Scala en Hi-Fi Adulta, seguidos de las actuaciones de los grupos Mejor con Copas y Siroko.<\/p>\n<p>El deporte forma parte de la programaci\u00f3n festiva, celebrando este viernes festivo desde las 09:30 horas la 5\u00aa MTB Orientaci\u00f3n San Roque y a las 12:00 horas salida de la Milla Popular San Roque, siendo recibidos todos los participantes y asistentes por una Fiesta del Agua con la m\u00fasica de Pepe Gueta.<\/p>\n<p>La funci\u00f3n religiosa y Procesi\u00f3n en Honor a San Roque se celebra el s\u00e1bado 16 a partir de las 13:00 horas, acompa\u00f1ada por la parranda La Tafe\u00f1a, y ya por la noche, a las 22:00 horas, llega el Gran Concierto esperado por todos con Los Chunguitos, y a\u00f1ade el concejal, seguido de la Verbena con Kandela, Gente Nueva y Grupo Bomba y su Orquesta.<\/p>\n<\/div>\n","protected":false},"excerpt":{"rendered":"<p><strong>Magn\u00edfico preg\u00f3n inicial de las Fiestas de Valles de Ortega en Honor a San Roque<\/strong><\/p>\n","protected":false},"author":1,"featured_media":9508,"comment_status":"open","ping_status":"open","sticky":false,"template":"","format":"standard","meta":{"inline_featured_image":false,"jnews-multi-image_gallery":[],"jnews_single_post":[],"jnews_primary_category":[],"jnews_social_meta":[],"jnews_override_counter":[],"jnews_post_split":[],"footnotes":""},"categories":[59],"tags":[],"class_list":["post-9506","post","type-post","status-publish","format-standard","has-post-thumbnail","hentry","category-antigua"],"jetpack_featured_media_url":"https:\/\/informacionlocal.es\/wp-content\/uploads\/2025\/08\/0-magnifico-comienzo-de-las-fiestas-valles-de-ortega-4-scaled-1.jpg","_links":{"self":[{"href":"https:\/\/informacionlocal.es\/de\/wp-json\/wp\/v2\/posts\/9506","targetHints":{"allow":["GET"]}}],"collection":[{"href":"https:\/\/informacionlocal.es\/de\/wp-json\/wp\/v2\/posts"}],"about":[{"href":"https:\/\/informacionlocal.es\/de\/wp-json\/wp\/v2\/types\/post"}],"author":[{"embeddable":true,"href":"https:\/\/informacionlocal.es\/de\/wp-json\/wp\/v2\/users\/1"}],"replies":[{"embeddable":true,"href":"https:\/\/informacionlocal.es\/de\/wp-json\/wp\/v2\/comments?post=9506"}],"version-history":[{"count":0,"href":"https:\/\/informacionlocal.es\/de\/wp-json\/wp\/v2\/posts\/9506\/revisions"}],"wp:featuredmedia":[{"embeddable":true,"href":"https:\/\/informacionlocal.es\/de\/wp-json\/wp\/v2\/media\/9508"}],"wp:attachment":[{"href":"https:\/\/informacionlocal.es\/de\/wp-json\/wp\/v2\/media?parent=9506"}],"wp:term":[{"taxonomy":"category","embeddable":true,"href":"https:\/\/informacionlocal.es\/de\/wp-json\/wp\/v2\/categories?post=9506"},{"taxonomy":"post_tag","embeddable":true,"href":"https:\/\/informacionlocal.es\/de\/wp-json\/wp\/v2\/tags?post=9506"}],"curies":[{"name":"wp","href":"https:\/\/api.w.org\/{rel}","templated":true}]}}