{"id":9482,"date":"2025-08-12T15:58:22","date_gmt":"2025-08-12T14:58:22","guid":{"rendered":"https:\/\/informacionlocal.es\/el-cabildo-conmemora-el-dia-internacional-de-la-juventud-con-lectura-de-manifiesto-inauguracion-de-mural-y-otras-actividades\/"},"modified":"2025-08-12T15:58:22","modified_gmt":"2025-08-12T14:58:22","slug":"el-cabildo-conmemora-el-dia-internacional-de-la-juventud-con-lectura-de-manifiesto-inauguracion-de-mural-y-otras-actividades","status":"publish","type":"post","link":"https:\/\/informacionlocal.es\/de\/el-cabildo-conmemora-el-dia-internacional-de-la-juventud-con-lectura-de-manifiesto-inauguracion-de-mural-y-otras-actividades\/","title":{"rendered":"El Cabildo conmemora el D\u00eda Internacional de la Juventud con lectura de manifiesto, inauguraci\u00f3n de mural y otras actividades"},"content":{"rendered":"<div class=\"entry-content\"><strong>12 agosto, 2025<\/strong><\/p>\n<p>El Cabildo de Fuerteventura, a trav\u00e9s de la Consejer\u00eda de Juventud, ha conmemorado hoy el D\u00eda Internacional de la Juventud con diversas actividades en el Centro Insular de Juventud, que han incluido la inauguraci\u00f3n de un mural de Alejandro Mesa y lectura de manifiesto por parte de la joven artista Cristina Quesada.<\/p>\n<p>En el acto han estado presentes la presidenta del Cabildo de Fuerteventura, Lola Garc\u00eda, el consejero de Juventud, Adargoma Hern\u00e1ndez, y la concejala de Juventud del Ayuntamiento de Puerto del Rosario, Jenifer P\u00e9rez.<\/p>\n<p>La presidenta insular, Lola Garc\u00eda, se\u00f1ala que \u201cdesde el Cabildo tenemos muy claro que la juventud no es el futuro, sino que es el presente de Fuerteventura, aqu\u00ed y ahora\u201d. \u201cPor eso, la Corporaci\u00f3n insular pone especial atenci\u00f3n a las diferentes acciones y pol\u00edticas enfocadas en la juventud majorera, durante los 365 d\u00edas del a\u00f1o, y hoy lo conmemoramos con actividades especiales\u201d.<\/p>\n<p>Por su parte, el consejero de Juventud, Adargoma Hern\u00e1ndez, destaca la importancia de una jornada que, como el resto de acciones del \u00e1rea de Juventud, busca promover la participaci\u00f3n, la creaci\u00f3n, la diversidad, el reconocimiento y el empoderamiento entre las y los j\u00f3venes. Hern\u00e1ndez apunt\u00f3 que \u201clas instituciones trabajan en conjunto para que los j\u00f3venes se queden en la isla, no solo para disfrutar, sino, tambi\u00e9n, para formarse\u201d.<\/p>\n<p>El pistoletazo de salida ha corrido a cargo de Alejandro Mesa, participante y ganador de la modalidad de mural en Maxo Arte Joven 2024, con la presentaci\u00f3n de su mural art\u00edstico en un lateral del Centro Insular de Juventud (Calle Garc\u00eda Esc\u00e1mez). El autor de la obra apunt\u00f3 que \u201ceste mural quiere ser un recordatorio de que ser joven en Fuerteventura significa mirar al futuro sin perder el v\u00ednculo con lo que nos ha hecho ser quienes somos\u201d, representando la inclusi\u00f3n, la uni\u00f3n, la creaci\u00f3n y participaci\u00f3n.<\/p>\n<p>A continuaci\u00f3n, Cristina Quesada, cantante, autora y participante de Maxo Arte, procedi\u00f3 a leer un manifiesto en el que se reclam\u00f3 la uni\u00f3n de los j\u00f3venes para luchar por la paz mundial en una \u00e9poca marcada por la polaridad, la divisi\u00f3n y el odio. Adem\u00e1s, reivindican un mejor acceso a la vivienda y al mercado laboral, \u201celementos que van de la mano\u201d.<\/p>\n<p>Cristina Quesada reconoci\u00f3 estar emocionada y agradecida por ser part\u00edcipe de un evento para dar visibilidad a los j\u00f3venes majoreros, en el cual se siente representada.<\/p>\n<p>Posteriormente, se han desarrollado el resto de actividades de la programaci\u00f3n por el D\u00eda Internacional de la Juventud. En primer lugar, Alejandro Rod y Efra\u00edn Mart\u00edn ofrecieron su espect\u00e1culo Impro Show!, un espect\u00e1culo de improvisaci\u00f3n donde las historias nacen, crecen y se reproducen. Esta actividad del programa cont\u00f3 con la colaboraci\u00f3n de la Consejer\u00eda de Acci\u00f3n Social, que dirige V\u00edctor Alonso.<\/p>\n<p>Seguidamente, Natalia Alferi ha impartido un taller de autoconocimiento denominado \u2018Mu\u00e9vete: Tu rumbo empieza aqu\u00ed! Conecta, viaja, aprende\u2019, dirigido a personas de 17 a 30 a\u00f1os que se encuentran en momentos claves de toma de decisiones. En esta actividad se ha dado a conocer las herramientas necesarias de gesti\u00f3n emocional y orientaci\u00f3n, facilitando la toma de decisiones personales, profesionales o acad\u00e9micas.<\/p>\n<p>Adem\u00e1s, en el taller se han anunciado los programas gratuitos de movilidad europea enfocados a j\u00f3venes y trabajadores de la juventud dentro del programa Erasmus+: Intercambios Juveniles Internacionales para j\u00f3venes de 16 a 30 a\u00f1os, programas de formaci\u00f3n Internacional para Trabajadores\/as de la Juventud, l\u00edderes juveniles de asociaciones y tejido asociativo y oportunidades de voluntariado internacionales de corta o larga duraci\u00f3n.<\/p>\n<p>El evento ha finalizado con la clausura de la primera edici\u00f3n del \u2018Proyecto Lanzadera\u2019 con Domingo Saavedra. Una iniciativa del Centro Insular de Juventud en la que un grupo de j\u00f3venes muestran su talento en directo, tras haber recibido formaci\u00f3n en grabaci\u00f3n y producci\u00f3n musical. Adem\u00e1s, los j\u00f3venes de este proyecto contar\u00e1n c\u00f3mo han experimentado el proceso y cu\u00e1l ha sido su aprendizaje.<\/p>\n<\/div>\n","protected":false},"excerpt":{"rendered":"<p>12 agosto, 2025 El Cabildo de Fuerteventura, a trav\u00e9s de la Consejer\u00eda de Juventud, ha conmemorado hoy el D\u00eda Internacional de la Juventud con diversas actividades en el Centro Insular [&hellip;]<\/p>\n","protected":false},"author":1,"featured_media":9484,"comment_status":"open","ping_status":"open","sticky":false,"template":"","format":"standard","meta":{"inline_featured_image":false,"jnews-multi-image_gallery":[],"jnews_single_post":[],"jnews_primary_category":[],"jnews_social_meta":[],"jnews_override_counter":[],"jnews_post_split":[],"footnotes":""},"categories":[58],"tags":[82],"class_list":["post-9482","post","type-post","status-publish","format-standard","has-post-thumbnail","hentry","category-cabildo","tag-fuerteventura"],"jetpack_featured_media_url":"https:\/\/informacionlocal.es\/wp-content\/uploads\/2025\/08\/dc3ada-de-la-juventud.jpg","_links":{"self":[{"href":"https:\/\/informacionlocal.es\/de\/wp-json\/wp\/v2\/posts\/9482","targetHints":{"allow":["GET"]}}],"collection":[{"href":"https:\/\/informacionlocal.es\/de\/wp-json\/wp\/v2\/posts"}],"about":[{"href":"https:\/\/informacionlocal.es\/de\/wp-json\/wp\/v2\/types\/post"}],"author":[{"embeddable":true,"href":"https:\/\/informacionlocal.es\/de\/wp-json\/wp\/v2\/users\/1"}],"replies":[{"embeddable":true,"href":"https:\/\/informacionlocal.es\/de\/wp-json\/wp\/v2\/comments?post=9482"}],"version-history":[{"count":0,"href":"https:\/\/informacionlocal.es\/de\/wp-json\/wp\/v2\/posts\/9482\/revisions"}],"wp:featuredmedia":[{"embeddable":true,"href":"https:\/\/informacionlocal.es\/de\/wp-json\/wp\/v2\/media\/9484"}],"wp:attachment":[{"href":"https:\/\/informacionlocal.es\/de\/wp-json\/wp\/v2\/media?parent=9482"}],"wp:term":[{"taxonomy":"category","embeddable":true,"href":"https:\/\/informacionlocal.es\/de\/wp-json\/wp\/v2\/categories?post=9482"},{"taxonomy":"post_tag","embeddable":true,"href":"https:\/\/informacionlocal.es\/de\/wp-json\/wp\/v2\/tags?post=9482"}],"curies":[{"name":"wp","href":"https:\/\/api.w.org\/{rel}","templated":true}]}}