{"id":9470,"date":"2025-08-11T22:00:10","date_gmt":"2025-08-11T21:00:10","guid":{"rendered":"https:\/\/informacionlocal.es\/valles-de-ortega-inicia-sus-fiestas-con-un-pregon-a-cargo-de-veinte-mayores-protagonistas-de-la-historia-del-pueblo\/"},"modified":"2025-08-11T22:00:10","modified_gmt":"2025-08-11T21:00:10","slug":"valles-de-ortega-inicia-sus-fiestas-con-un-pregon-a-cargo-de-veinte-mayores-protagonistas-de-la-historia-del-pueblo","status":"publish","type":"post","link":"https:\/\/informacionlocal.es\/de\/valles-de-ortega-inicia-sus-fiestas-con-un-pregon-a-cargo-de-veinte-mayores-protagonistas-de-la-historia-del-pueblo\/","title":{"rendered":"Valles de Ortega inicia sus Fiestas con un preg\u00f3n a cargo de veinte mayores protagonistas de la historia del pueblo"},"content":{"rendered":"<div class=\"elementor-widget-container\">\n<p><strong>Valles de Ortega inicia sus Fiestas con un preg\u00f3n a cargo de veinte mayores protagonistas de la historia del pueblo<\/strong><\/p>\n<p><strong>\u2022 Ni uno ni dos sino una veintena de mayores de Valles de Ortega protagonizan el video grabado y editado por la Comisi\u00f3n de Fiestas que se emite como Preg\u00f3n de las Fiestas en Honor a San Roque.<\/strong><\/p>\n<p><strong>\u2022 Este martes 12 de agosto a las 20:00 horas, Preg\u00f3n de las Fiestas de Valles de Ortega con Brindis popular y la actuaci\u00f3n musical de Laly Lean.<\/strong><\/p>\n<p>Comienzan las Fiestas de Valles de Ortega en Honor a San Roque hasta el domingo 17 de agosto, ofreciendo un programa organizado por el Ayuntamiento de Antigua desde la Concejal\u00eda de Festejos, junto con una Comisi\u00f3n de Fiestas caracterizada por una alta participaci\u00f3n de vecinos y vecinas con ideas muy claras, manteniendo tradiciones de siempre en las fiestas del pueblo, se\u00f1ala el alcalde, Mat\u00edas Pe\u00f1a Garc\u00eda.<\/p>\n<p>Las fiestas comienzan con un Preg\u00f3n, este martes a las 20:00 horas, a cargo de una veintena de mayores protagonistas de las historia de Valles de Ortega y terminan el pr\u00f3ximo domingo 17 de agosto, siendo los m\u00e1s peque\u00f1os y peque\u00f1as protagonistas de la Scala en Hi-FI.<\/p>\n<p>El Preg\u00f3n que inicia oficialmente las Fiestas en Honor a San Roque, proyectar\u00e1 un video grabado y editado por la Comisi\u00f3n de Fiestas, al que seguir\u00e1 un Brindis Popular y la actuaci\u00f3n musical de Laly Lean.<\/p>\n<p>Un programa en el que destaca cada evento pero se\u00f1alamos los m\u00e1s refrescantes, afirma el concejal de Festejos, Pedro M. Armas, como el Cine de Verano este mi\u00e9rcoles a las nueve de la noche o la Scala en Hi-Fi adulta con las estrellas del pueblo el jueves 14 a partir de las 20:30 horas, seguidas de las actuaciones de Mejor con Copas y de madrugada, Siroko.<\/p>\n<p>\u00a0<\/p>\n<p>\u00a0<\/p>\n<\/div>\n","protected":false},"excerpt":{"rendered":"<p><strong>Valles de Ortega inicia sus Fiestas con un preg\u00f3n a cargo de veinte mayores protagonistas de la historia del pueblo<\/strong><\/p>\n","protected":false},"author":1,"featured_media":9472,"comment_status":"open","ping_status":"open","sticky":false,"template":"","format":"standard","meta":{"inline_featured_image":false,"jnews-multi-image_gallery":[],"jnews_single_post":[],"jnews_primary_category":[],"jnews_social_meta":[],"jnews_override_counter":[],"jnews_post_split":[],"footnotes":""},"categories":[59],"tags":[],"class_list":["post-9470","post","type-post","status-publish","format-standard","has-post-thumbnail","hentry","category-antigua"],"jetpack_featured_media_url":"https:\/\/informacionlocal.es\/wp-content\/uploads\/2025\/08\/fiestas-valles-de-ortega.jpg","_links":{"self":[{"href":"https:\/\/informacionlocal.es\/de\/wp-json\/wp\/v2\/posts\/9470","targetHints":{"allow":["GET"]}}],"collection":[{"href":"https:\/\/informacionlocal.es\/de\/wp-json\/wp\/v2\/posts"}],"about":[{"href":"https:\/\/informacionlocal.es\/de\/wp-json\/wp\/v2\/types\/post"}],"author":[{"embeddable":true,"href":"https:\/\/informacionlocal.es\/de\/wp-json\/wp\/v2\/users\/1"}],"replies":[{"embeddable":true,"href":"https:\/\/informacionlocal.es\/de\/wp-json\/wp\/v2\/comments?post=9470"}],"version-history":[{"count":0,"href":"https:\/\/informacionlocal.es\/de\/wp-json\/wp\/v2\/posts\/9470\/revisions"}],"wp:featuredmedia":[{"embeddable":true,"href":"https:\/\/informacionlocal.es\/de\/wp-json\/wp\/v2\/media\/9472"}],"wp:attachment":[{"href":"https:\/\/informacionlocal.es\/de\/wp-json\/wp\/v2\/media?parent=9470"}],"wp:term":[{"taxonomy":"category","embeddable":true,"href":"https:\/\/informacionlocal.es\/de\/wp-json\/wp\/v2\/categories?post=9470"},{"taxonomy":"post_tag","embeddable":true,"href":"https:\/\/informacionlocal.es\/de\/wp-json\/wp\/v2\/tags?post=9470"}],"curies":[{"name":"wp","href":"https:\/\/api.w.org\/{rel}","templated":true}]}}