{"id":9452,"date":"2025-08-11T17:01:34","date_gmt":"2025-08-11T16:01:34","guid":{"rendered":"https:\/\/informacionlocal.es\/el-ayuntamiento-de-pajara-presenta-el-programa-de-actividades-de-la-31a-semana-cultural-playa-de-la-cebada\/"},"modified":"2025-08-11T17:01:34","modified_gmt":"2025-08-11T16:01:34","slug":"el-ayuntamiento-de-pajara-presenta-el-programa-de-actividades-de-la-31a-semana-cultural-playa-de-la-cebada","status":"publish","type":"post","link":"https:\/\/informacionlocal.es\/de\/el-ayuntamiento-de-pajara-presenta-el-programa-de-actividades-de-la-31a-semana-cultural-playa-de-la-cebada\/","title":{"rendered":"El Ayuntamiento de P\u00e1jara presenta el programa de actividades de la 31\u00aa Semana Cultural Playa de la Cebada\u00a0"},"content":{"rendered":"<div class=\"entry-content\">\n<p><b><i>Morro Jable se convierte en el epicentro cultural del sur de la isla con m\u00fasica, talleres, deporte y actividades para todos los p\u00fablicos<\/i><\/b><\/p>\n<p><span>El Ayuntamiento de P\u00e1jara ha presentado este lunes, 11 de agosto, el programa de la 31\u00aa edici\u00f3n de la Semana Cultural Playa de la Cebada, una cita que contar\u00e1 con una amplia y variada programaci\u00f3n dirigida\u00a0 a todos los p\u00fablicos. Las actividades se desarrollar\u00e1n en Morro Jable del 18 al 24 de agosto.<\/span><\/p>\n<p><span>Al acto de presentaci\u00f3n asistieron el alcalde de P\u00e1jara, Alejandro Jorge; la concejala de Cultura, Raquel Acosta;\u00a0 el primer teniente de alcalde, Alexis Alonso; la concejala de Accesibilidad y Vivienda, Evangelina S\u00e1nchez; y la concejala de Desarrollo Local, Formaci\u00f3n y Empleo, Luc\u00eda Darriba. El evento est\u00e1 organizado por el \u00e1rea de Cultura, en colaboraci\u00f3n con el Cabildo de Fuerteventura y las concejal\u00edas de Deportes, Juventud y Servicios Sociales.\u00a0<\/span><\/p>\n<p><span>La concejala de Cultura, Raquel Acosta, se\u00f1al\u00f3 que \u201chemos preparado una programaci\u00f3n pensada para todos los p\u00fablicos, con actividades que van desde los cultural hasta lo deportivo, para que vecinos, vecinas y visitantes disfruten de una semana diferente\u201d. Asimismo, agradeci\u00f3 la colaboraci\u00f3n de las diferentes concejal\u00edas y del Cabildo que \u201chan ayudado a sacar adelante este evento\u201d.\u00a0<\/span><\/p>\n<p><span>Por su parte, el alcalde de P\u00e1jara, Alejandro Jorge, subray\u00f3 que esta cita cultural \u201cforma parte de la identidad del municipio\u201d. \u201cQueremos que siga siendo un espacio de encuentro, participaci\u00f3n y disfrute para todos y todas. Desde el Ayuntamiento seguiremos trabajando para el desarrollo de iniciativas que llenen nuestras calles de cultura\u201d, afirm\u00f3.\u00a0<\/span><\/p>\n<p><span>Los actos arrancar\u00e1n el lunes, 18 de agosto, a las 10:00 horas, con las inscripciones para los torneos deportivos de f\u00fatbol 4, Balonmano y V\u00f3ley, as\u00ed como actividades como manualidades inclusivas a cargo de la Asociaci\u00f3n de Discapacitados de Fuerteventura (ADISFUER), juegos de mesa, juegos playeros, entre otras actividades.<\/span><\/p>\n<p><span>A las 21:00 horas, tendr\u00e1 lugar la inauguraci\u00f3n de la XXXI Semana Cultural Playa de La Cebada, con la actuaci\u00f3n del Tributo \u201cFitos y El Fitipaldi.\u00a0<\/span><\/p>\n<p><span>El jueves, 21 de agosto, a las 22:00 horas tendr\u00e1 lugar el concierto de Anto\u00f1ito Molina, el cantautor gaditano aterriza en la isla de Fuerteventura durante su Tour Me Prometo.\u00a0<\/span><\/p>\n<p><span>El viernes, 22 de agosto, a partir de las 21:00 horas, se llevar\u00e1 a cabo el d\u00e9cimo Festival de la Canci\u00f3n Playa de La Cebada, donde las promesas del municipio interpretar\u00e1n sus canciones y, por primera vez, estar\u00e1n acompa\u00f1ados con la banda \u2018Son de Aqu\u00ed y All\u00e1\u2019. Adem\u00e1s, participar\u00e1 como artista invitado Manuel Estupi\u00f1an.\u00a0<\/span><\/p>\n<p><span>El s\u00e1bado, 23 de agosto, se celebrar\u00e1 la Cebada Latin Fest 2025, con la actuaci\u00f3n de Manny Manuel y m\u00e1s artistas.<\/span><\/p>\n<p><span>El domingo, 24 de agosto, a las 11:00 horas se realizar\u00e1 la fiesta de la espuma con hinchables para los m\u00e1s peque\u00f1os y, a las 20:00 horas, tendr\u00e1 lugar la clausura del festival con el concierto de Los Diablos.\u00a0<\/span><\/p>\n<p><span>Durante esta semana, se llevar\u00e1n a cabo en la playa de La Cebada diferentes actividades tanto deportivas como eventos culturales, torneos, m\u00fasica, festivales, talleres, juegos de mesa, bailes, teatro infantil, gymkana, entre otras. Adem\u00e1s, durante los d\u00edas 21 y 23, contaremos con un Punto Violeta, un espacio seguro e informativo para atender, apoyar y asesorar a personas que hayan sufrido o presenciado agresiones sexistas.\u00a0<\/span><\/p>\n<p>\u00a0<\/p>\n<\/div>\n","protected":false},"excerpt":{"rendered":"<p><i>Morro Jable se convierte en el epicentro cultural del sur de la isla con m\u00fasica, talleres, deporte y actividades para todos los p\u00fablicos<\/i><\/p>\n","protected":false},"author":1,"featured_media":9454,"comment_status":"open","ping_status":"open","sticky":false,"template":"","format":"standard","meta":{"inline_featured_image":false,"jnews-multi-image_gallery":[],"jnews_single_post":[],"jnews_primary_category":[],"jnews_social_meta":[],"jnews_override_counter":[],"jnews_post_split":[],"footnotes":""},"categories":[63],"tags":[69,82],"class_list":["post-9452","post","type-post","status-publish","format-standard","has-post-thumbnail","hentry","category-pajara","tag-eventos","tag-fuerteventura"],"jetpack_featured_media_url":"https:\/\/informacionlocal.es\/wp-content\/uploads\/2025\/08\/la-cebada-e1754919587703.jpeg","_links":{"self":[{"href":"https:\/\/informacionlocal.es\/de\/wp-json\/wp\/v2\/posts\/9452","targetHints":{"allow":["GET"]}}],"collection":[{"href":"https:\/\/informacionlocal.es\/de\/wp-json\/wp\/v2\/posts"}],"about":[{"href":"https:\/\/informacionlocal.es\/de\/wp-json\/wp\/v2\/types\/post"}],"author":[{"embeddable":true,"href":"https:\/\/informacionlocal.es\/de\/wp-json\/wp\/v2\/users\/1"}],"replies":[{"embeddable":true,"href":"https:\/\/informacionlocal.es\/de\/wp-json\/wp\/v2\/comments?post=9452"}],"version-history":[{"count":0,"href":"https:\/\/informacionlocal.es\/de\/wp-json\/wp\/v2\/posts\/9452\/revisions"}],"wp:featuredmedia":[{"embeddable":true,"href":"https:\/\/informacionlocal.es\/de\/wp-json\/wp\/v2\/media\/9454"}],"wp:attachment":[{"href":"https:\/\/informacionlocal.es\/de\/wp-json\/wp\/v2\/media?parent=9452"}],"wp:term":[{"taxonomy":"category","embeddable":true,"href":"https:\/\/informacionlocal.es\/de\/wp-json\/wp\/v2\/categories?post=9452"},{"taxonomy":"post_tag","embeddable":true,"href":"https:\/\/informacionlocal.es\/de\/wp-json\/wp\/v2\/tags?post=9452"}],"curies":[{"name":"wp","href":"https:\/\/api.w.org\/{rel}","templated":true}]}}