{"id":9434,"date":"2025-08-11T12:03:23","date_gmt":"2025-08-11T11:03:23","guid":{"rendered":"https:\/\/informacionlocal.es\/el-cabildo-incrementa-la-ayuda-para-la-difusion-y-el-fomento-de-la-artesania-en-convenio-con-la-asociacion-de-artesanos-creativos-de-fuerteventura\/"},"modified":"2025-08-11T12:03:23","modified_gmt":"2025-08-11T11:03:23","slug":"el-cabildo-incrementa-la-ayuda-para-la-difusion-y-el-fomento-de-la-artesania-en-convenio-con-la-asociacion-de-artesanos-creativos-de-fuerteventura","status":"publish","type":"post","link":"https:\/\/informacionlocal.es\/de\/el-cabildo-incrementa-la-ayuda-para-la-difusion-y-el-fomento-de-la-artesania-en-convenio-con-la-asociacion-de-artesanos-creativos-de-fuerteventura\/","title":{"rendered":"El Cabildo incrementa la ayuda para la difusi\u00f3n y el fomento de la artesan\u00eda, en convenio con la Asociaci\u00f3n de Artesanos Creativos de Fuerteventura"},"content":{"rendered":"<div class=\"entry-content\"><strong>11 agosto, 2025<\/strong><\/p>\n<p><strong><em>El Cabildo de Fuerteventura y la Asociaci\u00f3n de Artesanos Creativos de Fuerteventura firman el convenio de colaboraci\u00f3n para la difusi\u00f3n y el fomento de la artesan\u00eda, estrategia fundamental para la conservaci\u00f3n, mantenimiento y desarrollo sostenible de los talleres artesanos<\/em><\/strong><\/p>\n<p>El Cabildo de Fuerteventura, a trav\u00e9s de la Consejer\u00eda de Artesan\u00eda, ha firmado un convenio de colaboraci\u00f3n con la Asociaci\u00f3n de Artesanos Creativos de Fuerteventura para la difusi\u00f3n y fomento de artesan\u00eda de la isla.<\/p>\n<p>El convenio ha sido firmado hoy por la presidenta insular, Lola Garc\u00eda, la consejera de Artesan\u00eda, Lolina Negr\u00edn, y el presidente de la asociaci\u00f3n Felipe Nicol\u00e1s Bobadilla.<\/p>\n<p>La Asociaci\u00f3n de Artesanos es una asociaci\u00f3n sin \u00e1nimo de lucro, creada con el objetivo de agrupar artesanos para conseguir la promoci\u00f3n del arte y la artesan\u00eda, as\u00ed como representar y defender los intereses profesionales, laborales, econ\u00f3micos, sociales y culturales propios del colectivo.<\/p>\n<p>La Consejer\u00eda de Artesan\u00eda incrementa la cuant\u00eda del convenio hasta los 43.000 euros para dar cobertura a diferentes acciones de la asociaci\u00f3n, gastos de funcionamiento y consolidaci\u00f3n del espacio de exposici\u00f3n de venta en la tienda de Artesan\u00eda de Betancuria, mantenimiento, actualizaci\u00f3n y dinamizaci\u00f3n de la p\u00e1gina web, entre otras. Todas ellas, recogidas en el Plan Estrat\u00e9gico de Subvenciones.<\/p>\n<p>De esta manera se busca fomentar la comercializaci\u00f3n de los productos artesanos elaborados en la isla, divulgar y promocionar la artesan\u00eda de la isla, difundir la actividad que desarrolla la asociaci\u00f3n y promover la sensibilizaci\u00f3n de los artesanos.\u00a0<\/p>\n<p>Con este convenio, el Cabildo de Fuerteventura pretende fomentar acciones que atiendan a la necesidad de valorar, proteger y transmitir a las futuras generaciones los conocimientos, t\u00e9cnicas y destrezas asociados a los oficios artesanos.<\/p>\n<p>Toda la informaci\u00f3n sobre las actividades relacionadas con la artesan\u00eda de Fuerteventura se puede consultar en\u00a0www.artesaniafuerteventura.com<\/p>\n<\/div>\n","protected":false},"excerpt":{"rendered":"<p>11 agosto, 2025 El Cabildo de Fuerteventura y la Asociaci\u00f3n de Artesanos Creativos de Fuerteventura firman el convenio de colaboraci\u00f3n para la difusi\u00f3n y el fomento de la artesan\u00eda, estrategia [&hellip;]<\/p>\n","protected":false},"author":1,"featured_media":9436,"comment_status":"open","ping_status":"open","sticky":false,"template":"","format":"standard","meta":{"inline_featured_image":false,"jnews-multi-image_gallery":[],"jnews_single_post":[],"jnews_primary_category":[],"jnews_social_meta":[],"jnews_override_counter":[],"jnews_post_split":[],"footnotes":""},"categories":[58],"tags":[82],"class_list":["post-9434","post","type-post","status-publish","format-standard","has-post-thumbnail","hentry","category-cabildo","tag-fuerteventura"],"jetpack_featured_media_url":"https:\/\/informacionlocal.es\/wp-content\/uploads\/2025\/08\/1754906192-3515745216cafdee34e8f6b3ed69b729.jpg","_links":{"self":[{"href":"https:\/\/informacionlocal.es\/de\/wp-json\/wp\/v2\/posts\/9434","targetHints":{"allow":["GET"]}}],"collection":[{"href":"https:\/\/informacionlocal.es\/de\/wp-json\/wp\/v2\/posts"}],"about":[{"href":"https:\/\/informacionlocal.es\/de\/wp-json\/wp\/v2\/types\/post"}],"author":[{"embeddable":true,"href":"https:\/\/informacionlocal.es\/de\/wp-json\/wp\/v2\/users\/1"}],"replies":[{"embeddable":true,"href":"https:\/\/informacionlocal.es\/de\/wp-json\/wp\/v2\/comments?post=9434"}],"version-history":[{"count":0,"href":"https:\/\/informacionlocal.es\/de\/wp-json\/wp\/v2\/posts\/9434\/revisions"}],"wp:featuredmedia":[{"embeddable":true,"href":"https:\/\/informacionlocal.es\/de\/wp-json\/wp\/v2\/media\/9436"}],"wp:attachment":[{"href":"https:\/\/informacionlocal.es\/de\/wp-json\/wp\/v2\/media?parent=9434"}],"wp:term":[{"taxonomy":"category","embeddable":true,"href":"https:\/\/informacionlocal.es\/de\/wp-json\/wp\/v2\/categories?post=9434"},{"taxonomy":"post_tag","embeddable":true,"href":"https:\/\/informacionlocal.es\/de\/wp-json\/wp\/v2\/tags?post=9434"}],"curies":[{"name":"wp","href":"https:\/\/api.w.org\/{rel}","templated":true}]}}