{"id":9410,"date":"2025-08-08T20:58:40","date_gmt":"2025-08-08T19:58:40","guid":{"rendered":"https:\/\/informacionlocal.es\/recomendaciones-a-la-poblacion-por-alerta-maxima-de-altas-temperaturas\/"},"modified":"2025-08-08T20:58:40","modified_gmt":"2025-08-08T19:58:40","slug":"recomendaciones-a-la-poblacion-por-alerta-maxima-de-altas-temperaturas","status":"publish","type":"post","link":"https:\/\/informacionlocal.es\/de\/recomendaciones-a-la-poblacion-por-alerta-maxima-de-altas-temperaturas\/","title":{"rendered":"\u00a0RECOMENDACIONES A LA POBLACI\u00d3N POR ALERTA M\u00c1XIMA DE ALTAS TEMPERATURAS"},"content":{"rendered":"<div class=\"entry-content\">\n<p>\ud83d\udcdc La Direcci\u00f3n General de Emergencias del Gobierno de Canarias, con base en la predicci\u00f3n de AEMET y\/o de otras fuentes disponibles, y en aplicaci\u00f3n del Plan Espec\u00edfico de Emergencias de Canarias por Riesgos de Fen\u00f3menos Meteorol\u00f3gicos Adversos PEFMA (Decreto 47\/2025, de 8 de agosto), DECLARA la situaci\u00f3n de ALERTA M\u00c1XIMA Por TEMPERTURAS M\u00c1XIMAS cuya vigencia en base al seguimiento de las \u00faltimas variables predictivas meteorol\u00f3gicas comienza a las 14:00 horas del d\u00eda 08\/08\/2025.<\/p>\n<p>De acuerdo con las observaciones de la Declaraci\u00f3n emitida (38\/2024\/PEFMA) se esperan episodios de altas temperaturas cuyos valores se estima que alcanzar\u00e1n o superar\u00e1n los 40-41 \u00baC en amplias zonas de Fuerteventura.<\/p>\n<p>De acuerdo con los objetivos del PEFMA en cuanto al desarrollo de un marco organizativo en el \u00e1mbito de la Protecci\u00f3n Civil que permita establecer las medidas de prevenci\u00f3n y anticipaci\u00f3n para evitar la afectaci\u00f3n de los riesgos de origen natural a las personas, bienes o medioambiente.<\/p>\n<p>A la vista de previsi\u00f3n de los valores de temperaturas m\u00e1ximas previstas se ha procedido a la ACTIVACI\u00d3N DEL PLAN DE EMERGERCIAS INSULAR en la isla de Fuerteventura (2025\/18361).<\/p>\n<p>En aplicaci\u00f3n de la respuesta preventiva ante las previsiones de la AEMET en cuanto a las acciones operativas contempladas en el PEFMA para la efectiva protecci\u00f3n de la poblaci\u00f3n, se establecen las siguientes<\/p>\n<p><span data-testid=\"emoji\">\u2705<\/span> \u00a0\u00a0RECOMENDACIONES A LA POBLACI\u00d3N<\/p>\n<p>I. Suspenda toda actividad l\u00fadico \u2013 deportiva que tenga lugar al aire libre en el t\u00e9rmino municipal mientras se mantenga la ALERTA M\u00c1XIMA por TEMPERATURAS M\u00c1XMAS.<\/p>\n<p>II. Evite exposiciones al sol y\/o calor recomendando la permanencia en los lugares m\u00e1s protegidos y frescos de casa.<\/p>\n<p>III. Durante las horas de sol, mantenga las persianas\/cortinas cerradas evitando con ello la radiaci\u00f3n solar directa al interior de la vivienda\/establecimiento.<\/p>\n<p>IV. Durante las horas nocturnas mantenga las ventanas abiertas con regularidad para mantener la casa fresca.<\/p>\n<p>V. Es recomendable el uso de elementos que acondicionen el ambiente mediante ventiladores o aire acondicionado que permitan refrescar el ambiente del recinto. En todo caso, tenga en consideraci\u00f3n que la presencia continuada en un espacio climatizado y la salida de este recinto al exterior con temperaturas elevadas pueden suponen un choque brusco de temperaturas que podr\u00eda afectarle.<\/p>\n<p>VI. En caso de salir al exterior procure protegerse del sol realizando el recorrido por las zonas de sombra haciendo uso de gorras o sombreros con indumentaria fresca, ligera y holgada de colores claros.<\/p>\n<p>VII. Si realiza actividades laborales al aire libre programe las rotaciones o cambios de puestos alternando gradualmente los tiempos de reposo en zonas de sombra bebiendo abundante agua y evitando la exposici\u00f3n prolongada al sol. En todo caso programe las acciones laborales al aire libre para aquellas horas de menor calor.<\/p>\n<p>VIII. Mant\u00e9ngase hidratado, disponiendo de avituallamiento l\u00edquido (agua fresca) bebiendo de manera regular aunque no tenga sensaci\u00f3n de sed y alim\u00e9ntese con productos ligeros, ricos en agua y sales minerales, evitando la ingesta de comidas copiosas y\/o muy calientes as\u00ed como las bebidas alcoh\u00f3licas.<\/p>\n<p>IX. En ning\u00fan caso deje a menores, personas mayores o mascotas en el interior de veh\u00edculos cerrados.<\/p>\n<p>X. En caso de que vaya a realizar alg\u00fan tipo de actividad f\u00edsica\/deportiva al aire libre programe esta actividad para las horas m\u00e1s frescas evitando en todo caso las horas centrales de mayor calor.<\/p>\n<p>XI. Si conoce persona mayores o con patolog\u00edas que puedan necesitar ayuda mantenga la comunicaci\u00f3n con ellos para interesarse por su estado.<\/p>\n<p>XII. En caso de que est\u00e9 tomando alg\u00fan tipo de medicaci\u00f3n inf\u00f3rmese sobre la posible influencia en la termorregulaci\u00f3n, por si, bajo la recomendaci\u00f3n facultativa debe regularse la dosis o cambiar el tipo de f\u00e1rmaco.<\/p>\n<p><span data-testid=\"emoji\">\ud83d\udcf1<\/span> EN CASO DE EMERGENCIA LLAME AL 112<\/p>\n<p><span data-testid=\"emoji\">\ud83d\udcf1<\/span> Para informaci\u00f3n adicional puede contactar con el 0 \u2013 12<\/p>\n<\/div>\n","protected":false},"excerpt":{"rendered":"<p>\ud83d\udcdc La Direcci\u00f3n General de Emergencias del Gobierno de Canarias, con base en la predicci\u00f3n de AEMET y\/o de otras fuentes disponibles, y en aplicaci\u00f3n del Plan Espec\u00edfico de Emergencias [&hellip;]<\/p>\n","protected":false},"author":1,"featured_media":9412,"comment_status":"open","ping_status":"open","sticky":false,"template":"","format":"standard","meta":{"inline_featured_image":false,"jnews-multi-image_gallery":[],"jnews_single_post":[],"jnews_primary_category":[],"jnews_social_meta":[],"jnews_override_counter":[],"jnews_post_split":[],"footnotes":""},"categories":[61],"tags":[82],"class_list":["post-9410","post","type-post","status-publish","format-standard","has-post-thumbnail","hentry","category-puerto-del-rosario","tag-fuerteventura"],"jetpack_featured_media_url":"https:\/\/informacionlocal.es\/wp-content\/uploads\/2025\/08\/altas-temperaturas-termo.jpeg","_links":{"self":[{"href":"https:\/\/informacionlocal.es\/de\/wp-json\/wp\/v2\/posts\/9410","targetHints":{"allow":["GET"]}}],"collection":[{"href":"https:\/\/informacionlocal.es\/de\/wp-json\/wp\/v2\/posts"}],"about":[{"href":"https:\/\/informacionlocal.es\/de\/wp-json\/wp\/v2\/types\/post"}],"author":[{"embeddable":true,"href":"https:\/\/informacionlocal.es\/de\/wp-json\/wp\/v2\/users\/1"}],"replies":[{"embeddable":true,"href":"https:\/\/informacionlocal.es\/de\/wp-json\/wp\/v2\/comments?post=9410"}],"version-history":[{"count":0,"href":"https:\/\/informacionlocal.es\/de\/wp-json\/wp\/v2\/posts\/9410\/revisions"}],"wp:featuredmedia":[{"embeddable":true,"href":"https:\/\/informacionlocal.es\/de\/wp-json\/wp\/v2\/media\/9412"}],"wp:attachment":[{"href":"https:\/\/informacionlocal.es\/de\/wp-json\/wp\/v2\/media?parent=9410"}],"wp:term":[{"taxonomy":"category","embeddable":true,"href":"https:\/\/informacionlocal.es\/de\/wp-json\/wp\/v2\/categories?post=9410"},{"taxonomy":"post_tag","embeddable":true,"href":"https:\/\/informacionlocal.es\/de\/wp-json\/wp\/v2\/tags?post=9410"}],"curies":[{"name":"wp","href":"https:\/\/api.w.org\/{rel}","templated":true}]}}