{"id":9392,"date":"2025-08-08T18:03:41","date_gmt":"2025-08-08T17:03:41","guid":{"rendered":"https:\/\/informacionlocal.es\/paisajes-con-historia-un-proyecto-para-conocer-los-distintos-rincones-de-fuerteventura\/"},"modified":"2025-08-08T18:03:41","modified_gmt":"2025-08-08T17:03:41","slug":"paisajes-con-historia-un-proyecto-para-conocer-los-distintos-rincones-de-fuerteventura","status":"publish","type":"post","link":"https:\/\/informacionlocal.es\/de\/paisajes-con-historia-un-proyecto-para-conocer-los-distintos-rincones-de-fuerteventura\/","title":{"rendered":"\ufeff\u201cPaisajes con historia\u201d, un proyecto para conocer los distintos rincones de Fuerteventura"},"content":{"rendered":"<div class=\"entry-content\"><strong>8 agosto, 2025<\/strong><\/p>\n<p><strong><em>El Servicio de Patrimonio Cultural ha impulsado el proyecto \u201cPaisajes con historia\u201d para recorrer la Isla a trav\u00e9s de cuatro rutas diferentes<\/em><\/strong><\/p>\n<p><strong><em>Los recorridos se realizar\u00e1n los d\u00edas 30 de agosto, 27 de septiembre y 11 y 25 de octubre<\/em><\/strong><\/p>\n<p>\u201cPaisajes con historia\u201d se ha desarrollado por el Servicio de Patrimonio Cultural, dirigido por Rayco Le\u00f3n, como un proyecto para conocer el paisaje y territorio de Fuerteventura, a trav\u00e9s de cuatro rutas por distintos lugares de la Isla, y as\u00ed poner en valor y preservar el patrimonio insular.<\/p>\n<p>A trav\u00e9s de itinerarios, dirigidos a la ciudadan\u00eda, que coordinan diversos momentos hist\u00f3ricos y manifestaciones culturales, se podr\u00e1 recorrer desde los asentamientos abor\u00edgenes hasta la arquitectura defensiva de la mano de un gu\u00eda especializado y compartir la historia de la isla majorera en comunidad.<\/p>\n<p>La primera ruta se llevar\u00e1 a cabo el 30 de agosto por El Cotillo, visitando sus bienes patrimoniales como la Torre del Tost\u00f3n, el antiguo muelle o la Ermita del Buen Viaje.<\/p>\n<p>Durante\u00a0el\u00a0mes\u00a0de\u00a0la\u00a0patrona\u00a0de\u00a0la\u00a0Isla,\u00a0la\u00a0Virgen\u00a0de\u00a0La\u00a0Pe\u00f1a,\u00a0el\u00a027\u00a0de\u00a0septiembre se conocer\u00e1 su historia, c\u00f3mo fue su aparici\u00f3n, la ermita donde es acogida y el lugar donde se encontraba el primer santuario.<\/p>\n<p>En octubre se realizar\u00e1n dos rutas. Una el 11 de octubre por Betancuria, la primera capital de la isla, donde se recorrer\u00e1 el centro hist\u00f3rico y se visitar\u00e1 varios puntos de inter\u00e9s como el yacimiento Morro Humilladero, que fue puesto en visita recientemente por el Cabildo de Fuerteventura. La segunda ser\u00e1 el 25 de octubre, siendo una traves\u00eda desde Castillo hasta Las Salinas.<\/p>\n<p>All\u00ed se realizar\u00e1 un recorrido por la costa conociendo los hornos de cal, construcciones relacionadas con la Segunda Guerra Mundial, y se finalizar\u00e1 en el Museo de las Salinas del Carmen.<\/p>\n<p>Para la realizaci\u00f3n de las rutas y optando por la sostenibilidad, el Cabildo de Fuerteventura pone a disposici\u00f3n un servicio de guagua, siendo las salidas desde Puerto del Rosario, para los participantes que as\u00ed lo soliciten. Para la primera ruta se har\u00e1 una parada en La Oliva y se ir\u00e1 informando para el resto de rutas. Los asistentes deber\u00e1n inscribirse previamente en\u00a0patrimonio@cabildofuer.es<\/p>\n<p>\u201cPaisajes con historia\u201d es un proyecto con la intenci\u00f3n de continuidad, buscando nuevas rutas y tem\u00e1ticas para pr\u00f3ximas convocatorias.<\/p>\n<\/div>\n","protected":false},"excerpt":{"rendered":"<p>8 agosto, 2025 El Servicio de Patrimonio Cultural ha impulsado el proyecto \u201cPaisajes con historia\u201d para recorrer la Isla a trav\u00e9s de cuatro rutas diferentes Los recorridos se realizar\u00e1n los [&hellip;]<\/p>\n","protected":false},"author":1,"featured_media":9394,"comment_status":"open","ping_status":"open","sticky":false,"template":"","format":"standard","meta":{"inline_featured_image":false,"jnews-multi-image_gallery":[],"jnews_single_post":[],"jnews_primary_category":[],"jnews_social_meta":[],"jnews_override_counter":[],"jnews_post_split":[],"footnotes":""},"categories":[58],"tags":[68,82],"class_list":["post-9392","post","type-post","status-publish","format-standard","has-post-thumbnail","hentry","category-cabildo","tag-convocatorias","tag-fuerteventura"],"jetpack_featured_media_url":"https:\/\/informacionlocal.es\/wp-content\/uploads\/2025\/08\/eee.jpeg","_links":{"self":[{"href":"https:\/\/informacionlocal.es\/de\/wp-json\/wp\/v2\/posts\/9392","targetHints":{"allow":["GET"]}}],"collection":[{"href":"https:\/\/informacionlocal.es\/de\/wp-json\/wp\/v2\/posts"}],"about":[{"href":"https:\/\/informacionlocal.es\/de\/wp-json\/wp\/v2\/types\/post"}],"author":[{"embeddable":true,"href":"https:\/\/informacionlocal.es\/de\/wp-json\/wp\/v2\/users\/1"}],"replies":[{"embeddable":true,"href":"https:\/\/informacionlocal.es\/de\/wp-json\/wp\/v2\/comments?post=9392"}],"version-history":[{"count":0,"href":"https:\/\/informacionlocal.es\/de\/wp-json\/wp\/v2\/posts\/9392\/revisions"}],"wp:featuredmedia":[{"embeddable":true,"href":"https:\/\/informacionlocal.es\/de\/wp-json\/wp\/v2\/media\/9394"}],"wp:attachment":[{"href":"https:\/\/informacionlocal.es\/de\/wp-json\/wp\/v2\/media?parent=9392"}],"wp:term":[{"taxonomy":"category","embeddable":true,"href":"https:\/\/informacionlocal.es\/de\/wp-json\/wp\/v2\/categories?post=9392"},{"taxonomy":"post_tag","embeddable":true,"href":"https:\/\/informacionlocal.es\/de\/wp-json\/wp\/v2\/tags?post=9392"}],"curies":[{"name":"wp","href":"https:\/\/api.w.org\/{rel}","templated":true}]}}