{"id":9376,"date":"2025-08-08T15:58:52","date_gmt":"2025-08-08T14:58:52","guid":{"rendered":"https:\/\/informacionlocal.es\/jornada-conmemorativa-para-celebrar-el-dia-internacional-de-la-juventud-2025\/"},"modified":"2025-08-08T15:58:52","modified_gmt":"2025-08-08T14:58:52","slug":"jornada-conmemorativa-para-celebrar-el-dia-internacional-de-la-juventud-2025","status":"publish","type":"post","link":"https:\/\/informacionlocal.es\/de\/jornada-conmemorativa-para-celebrar-el-dia-internacional-de-la-juventud-2025\/","title":{"rendered":"\ufeffJornada conmemorativa para celebrar el D\u00eda Internacional de la Juventud 2025"},"content":{"rendered":"<div class=\"entry-content\"><strong>8 agosto, 2025<\/strong><\/p>\n<p><em><strong>Las actividades tendr\u00e1n lugar en el Centro Insular de Juventud desde las 10.00 horas hasta las 13.00 horas con una amplia programaci\u00f3n<\/strong><\/em><\/p>\n<p>Para conmemorar el D\u00eda Internacional de la Juventud (12 de agosto) la Consejer\u00eda de Educaci\u00f3n y Juventud del Cabildo de Fuerteventura, que dirige Adargoma Hern\u00e1ndez, desarrollar\u00e1 una jornada en el Centro Insular de Juventud, con el objetivo de promover la participaci\u00f3n, la creaci\u00f3n, la diversidad, el reconocimiento y el empoderamiento entre los m\u00e1s j\u00f3venes a trav\u00e9s de varias actividades l\u00fadicas y formativas.<\/p>\n<p>El evento dar\u00e1 comienzo a las 10.00 horas con la presentaci\u00f3n del mural art\u00edstico de Alejandro Mesa. A continuaci\u00f3n, a las 10.30 horas, se podr\u00e1 disfrutar del espect\u00e1culo \u2018Impro Show!\u2019 con Alejando Rod y Efra\u00edn Mart\u00edn para crear historias.<\/p>\n<p>\u00a0A las 11.30 se har\u00e1 una parada para despu\u00e9s continuar con \u2018Mu\u00e9vete: Tu rumbo empieza aqu\u00ed! Conecta, viaja, aprende\u2019, impartido por Natalia Alferi a las 12.00 horas. Este acto est\u00e1 dirigido a personas de 17 a 30 a\u00f1os para que puedan autoconocerse y adquirir herramientas para tomar decisiones personales, profesionales o acad\u00e9micas.<\/p>\n<p>En este taller, tambi\u00e9n se dar\u00e1n a conocer los programas gratuitos de movilidad europea enfocados a j\u00f3venes y trabajadores de la juventud dentro del programa Erasmus+: Intercambios Juveniles Internacionales para j\u00f3venes de 16 a 30 a\u00f1os.<\/p>\n<p>Para finalizar, a las 13.00 horas tendr\u00e1 lugar el \u2018Proyecto Lanzadera\u2019 con Domingo Saavedra. Un concierto en el que algunos participantes mostrar\u00e1n el talento que han adquirido mediante una formaci\u00f3n en grabaci\u00f3n y producci\u00f3n musical. Adem\u00e1s, los j\u00f3venes de este proyecto contar\u00e1n sus experiencias sobre el proceso.<\/p>\n<p><\/p>\n<figure class=\"wp-block-image\"><img decoding=\"async\" src=\"https:\/\/informacionlocal.es\/wp-content\/uploads\/2025\/08\/5tty-1.jpeg\" class=\"wp-image-46253\" title=\"5tty-1\"><\/figure>\n<\/div>\n","protected":false},"excerpt":{"rendered":"<p>8 agosto, 2025 Las actividades tendr\u00e1n lugar en el Centro Insular de Juventud desde las 10.00 horas hasta las 13.00 horas con una amplia programaci\u00f3n Para conmemorar el D\u00eda Internacional [&hellip;]<\/p>\n","protected":false},"author":1,"featured_media":9378,"comment_status":"open","ping_status":"open","sticky":false,"template":"","format":"standard","meta":{"inline_featured_image":false,"jnews-multi-image_gallery":[],"jnews_single_post":[],"jnews_primary_category":[],"jnews_social_meta":[],"jnews_override_counter":[],"jnews_post_split":[],"footnotes":""},"categories":[58],"tags":[73,82],"class_list":["post-9376","post","type-post","status-publish","format-standard","has-post-thumbnail","hentry","category-cabildo","tag-educacion","tag-fuerteventura"],"jetpack_featured_media_url":"https:\/\/informacionlocal.es\/wp-content\/uploads\/2025\/08\/sddv.jpeg","_links":{"self":[{"href":"https:\/\/informacionlocal.es\/de\/wp-json\/wp\/v2\/posts\/9376","targetHints":{"allow":["GET"]}}],"collection":[{"href":"https:\/\/informacionlocal.es\/de\/wp-json\/wp\/v2\/posts"}],"about":[{"href":"https:\/\/informacionlocal.es\/de\/wp-json\/wp\/v2\/types\/post"}],"author":[{"embeddable":true,"href":"https:\/\/informacionlocal.es\/de\/wp-json\/wp\/v2\/users\/1"}],"replies":[{"embeddable":true,"href":"https:\/\/informacionlocal.es\/de\/wp-json\/wp\/v2\/comments?post=9376"}],"version-history":[{"count":0,"href":"https:\/\/informacionlocal.es\/de\/wp-json\/wp\/v2\/posts\/9376\/revisions"}],"wp:featuredmedia":[{"embeddable":true,"href":"https:\/\/informacionlocal.es\/de\/wp-json\/wp\/v2\/media\/9378"}],"wp:attachment":[{"href":"https:\/\/informacionlocal.es\/de\/wp-json\/wp\/v2\/media?parent=9376"}],"wp:term":[{"taxonomy":"category","embeddable":true,"href":"https:\/\/informacionlocal.es\/de\/wp-json\/wp\/v2\/categories?post=9376"},{"taxonomy":"post_tag","embeddable":true,"href":"https:\/\/informacionlocal.es\/de\/wp-json\/wp\/v2\/tags?post=9376"}],"curies":[{"name":"wp","href":"https:\/\/api.w.org\/{rel}","templated":true}]}}