{"id":9364,"date":"2025-08-08T14:00:08","date_gmt":"2025-08-08T13:00:08","guid":{"rendered":"https:\/\/informacionlocal.es\/servicio-especial-de-transporte-publico-durante-las-fiestas-de-el-cotillo-2025\/"},"modified":"2025-08-08T14:00:08","modified_gmt":"2025-08-08T13:00:08","slug":"servicio-especial-de-transporte-publico-durante-las-fiestas-de-el-cotillo-2025","status":"publish","type":"post","link":"https:\/\/informacionlocal.es\/de\/servicio-especial-de-transporte-publico-durante-las-fiestas-de-el-cotillo-2025\/","title":{"rendered":"Servicio especial de transporte p\u00fablico durante las fiestas de El Cotillo 2025\ufeff"},"content":{"rendered":"<div class=\"entry-content\"><strong>8 agosto, 2025<\/strong><\/p>\n<p>Con motivo de las fiestas en honor<br \/>\na Nuestra Se\u00f1ora del Buen Viaje 2025, que se celebrar\u00e1 del 12 al 24 de agosto,<br \/>\nel Cabildo de Fuerteventura, a trav\u00e9s de la Consejer\u00eda de Transportes que dirige<br \/>\nLuis Gonz\u00e1lez y la empresa concesionaria del servicio de transporte regular<br \/>\ninterurbano, ha planificado un servicio especial de transporte p\u00fablico.<\/p>\n<p>La ruta de este servicio especial<br \/>\ncontar\u00e1 con las siguientes paradas: Estaci\u00f3n de Guaguas de Puerto del Rosario,<br \/>\nLa Asomada, Los Estancos, Tetir, La Matilla, Tindaya, La Oliva, Villaverde,<br \/>\nTamaragua, Corralejo, Lajares, El Roque y Parada Preferente de El Cotillo. El<br \/>\ntiempo estimado del recorrido es de una hora y media.<\/p>\n<p>De esta manera, los servicios<br \/>\nespeciales quedan establecidos de la siguiente manera:<\/p>\n<p>Viernes 15<\/p>\n<p>Puerto del Rosario \u2013 El Cotillo: 19:30h, 19:45h, 23:30h y 23:45h.<\/p>\n<p>El Cotillo \u2013 Puerto del Rosario: 21:45h, 22:00h, 01:00h, 01:15h, 04:30h y 04:45h.<\/p>\n<p>S\u00e1bado 16<\/p>\n<p>Puerto del Rosario \u2013 El Cotillo: 20:30h, 20:45h, 00:30h y 00:45h.<\/p>\n<p>El Cotillo \u2013 Puerto del Rosario: 22:45h, 23:00h, 02:00h, 02:15h, 05:30h y 05:45h.<\/p>\n<p>Mi\u00e9rcoles 21<\/p>\n<p>Puerto del Rosario \u2013 El Cotillo: 16:15h, 16:30h, 17:00h, 20:15h, 20:30h y 21:00h.<\/p>\n<p>El Cotillo \u2013 Puerto del Rosario: 18:00h, 18:15h, 18:45h, 22:00h, 22:15h, 22:45h, 00:15h, 00:30h y 01:00h.<\/p>\n<p>Viernes 22<\/p>\n<p>Puerto del Rosario \u2013 El Cotillo: 19:30h, 19:45h, 23:30h y 23:45h.<\/p>\n<p>El Cotillo \u2013 Puerto del Rosario: 21:45h, 22:00h, 01:00h, 01:15h, 04:30h y 04:45h. <\/p>\n<p>Viernes 23<\/p>\n<p>Puerto del Rosario \u2013 El Cotillo: 19:30h, 19:45h, 23:30h y 23:45h.<\/p>\n<p>El Cotillo \u2013 Puerto del Rosario: 21:45h, 22:00h, 01:00h, 01:15h, 04:30h y 04:45h.<\/p>\n<p>La Consejer\u00eda de Transportes recuerda que est\u00e1 permitido el uso del bono transporte. Se proh\u00edbe llevar bebida y comida en las guaguas del Servicio Especial y no se puede hacer uso de los maleteros.  <\/p>\n<p>AVISO \u2013 POR MOTIVOS DE SEGURIDAD: mientras duren las fiestas (del 12 al 24 de agosto) en El Cotillo, s\u00f3lo quedar\u00e1 habilitada la parada de la Parada Preferente de El Cotillo. El servicio de guaguas en la Parada de la Plaza de la Ermita, se restaura el d\u00eda lunes 25 de agosto.<\/p>\n<\/div>\n","protected":false},"excerpt":{"rendered":"<p>8 agosto, 2025 Con motivo de las fiestas en honor a Nuestra Se\u00f1ora del Buen Viaje 2025, que se celebrar\u00e1 del 12 al 24 de agosto, el Cabildo de Fuerteventura, [&hellip;]<\/p>\n","protected":false},"author":1,"featured_media":9366,"comment_status":"open","ping_status":"open","sticky":false,"template":"","format":"standard","meta":{"inline_featured_image":false,"jnews-multi-image_gallery":[],"jnews_single_post":[],"jnews_primary_category":[],"jnews_social_meta":[],"jnews_override_counter":[],"jnews_post_split":[],"footnotes":""},"categories":[58],"tags":[82,75],"class_list":["post-9364","post","type-post","status-publish","format-standard","has-post-thumbnail","hentry","category-cabildo","tag-fuerteventura","tag-transportes"],"jetpack_featured_media_url":"https:\/\/informacionlocal.es\/wp-content\/uploads\/2025\/08\/1754653270-0223007e78b3dd3eb621586b966af264.jpg","_links":{"self":[{"href":"https:\/\/informacionlocal.es\/de\/wp-json\/wp\/v2\/posts\/9364","targetHints":{"allow":["GET"]}}],"collection":[{"href":"https:\/\/informacionlocal.es\/de\/wp-json\/wp\/v2\/posts"}],"about":[{"href":"https:\/\/informacionlocal.es\/de\/wp-json\/wp\/v2\/types\/post"}],"author":[{"embeddable":true,"href":"https:\/\/informacionlocal.es\/de\/wp-json\/wp\/v2\/users\/1"}],"replies":[{"embeddable":true,"href":"https:\/\/informacionlocal.es\/de\/wp-json\/wp\/v2\/comments?post=9364"}],"version-history":[{"count":0,"href":"https:\/\/informacionlocal.es\/de\/wp-json\/wp\/v2\/posts\/9364\/revisions"}],"wp:featuredmedia":[{"embeddable":true,"href":"https:\/\/informacionlocal.es\/de\/wp-json\/wp\/v2\/media\/9366"}],"wp:attachment":[{"href":"https:\/\/informacionlocal.es\/de\/wp-json\/wp\/v2\/media?parent=9364"}],"wp:term":[{"taxonomy":"category","embeddable":true,"href":"https:\/\/informacionlocal.es\/de\/wp-json\/wp\/v2\/categories?post=9364"},{"taxonomy":"post_tag","embeddable":true,"href":"https:\/\/informacionlocal.es\/de\/wp-json\/wp\/v2\/tags?post=9364"}],"curies":[{"name":"wp","href":"https:\/\/api.w.org\/{rel}","templated":true}]}}