{"id":9336,"date":"2025-08-06T17:02:22","date_gmt":"2025-08-06T16:02:22","guid":{"rendered":"https:\/\/informacionlocal.es\/la-oliva-licita-la-primera-fase-de-la-demanda-historica-del-paso-maritimo-de-el-cotillo\/"},"modified":"2025-08-06T17:02:22","modified_gmt":"2025-08-06T16:02:22","slug":"la-oliva-licita-la-primera-fase-de-la-demanda-historica-del-paso-maritimo-de-el-cotillo","status":"publish","type":"post","link":"https:\/\/informacionlocal.es\/de\/la-oliva-licita-la-primera-fase-de-la-demanda-historica-del-paso-maritimo-de-el-cotillo\/","title":{"rendered":"La Oliva licita la primera fase de la demanda hist\u00f3rica del paso mar\u00edtimo de El Cotillo"},"content":{"rendered":"<p>El Ayuntamiento de La Oliva licita, a trav\u00e9s de la Concejal\u00eda de Contrataci\u00f3n, al mando de Juan Jos\u00e9 Rodr\u00edguez, la primera fase del paseo mar\u00edtimo de El Cotillo. Este proyecto de casi 482 mil euros captados por la Oficina de Fondos Europeos bajo el liderazgo de Rodr\u00edguez, est\u00e1 financiado a trav\u00e9s del Plan de Sostenibilidad Tur\u00edstica en Destino \u201cNaturalmente La Oliva\u201d y enmarcado dentro del Plan de Recuperaci\u00f3n, Transformaci\u00f3n y Resiliencia, financiado por la Uni\u00f3n Europea &#8211; Next Generation EU. As\u00ed pues, las empresas interesadas dispondr\u00e1n de plazo hasta el 20 de agosto para presentar sus ofertas. <\/p>\n<p>En esta primera fase se proceder\u00e1 a la construcci\u00f3n del paseo desde la Torre de El Tost\u00f3n hasta el f inal de los hornos de cal. La importancia de la intervenci\u00f3n de este espacio p\u00fablico radica no solo en la hist\u00f3rica demanda por parte del pueblo de El Cotillo, sino tambi\u00e9n por tratarse de un enclave natural caracter\u00edstico en el municipio. Adem\u00e1s del valor paisaj\u00edstico, cabe destacar tambi\u00e9n, el valor patrimonial y etnogr\u00e1fico de los tradicionales hornos de cal, declarados Bien de Inter\u00e9s Cultural en la categor\u00eda de Sitio Etnol\u00f3gico. <\/p>\n<p>En este sentido, el objetivo principal es la integraci\u00f3n entre el paisaje urbano y el medio natural, donde a trav\u00e9s de la renovaci\u00f3n y recolocaci\u00f3n del alumbrado del paseo y la mejora de la accesibilidad en la zona destaquen los hornos de cal, promoviendo as\u00ed la divulgaci\u00f3n de la historia de la Isla. <\/p>\n<p>El alcalde de La Oliva, Isa\u00ed Blanco, manifiesta: \u201cSeguimos dando pasos para cumplir con dos de los compromisos m\u00e1s importantes en cuanto a infraestructuras. Tras el avance en el paseo de Corralejo, continuamos con la primera fase del paseo de El Cotillo, a la vez que, ya trabajamos en las autorizaciones para las fases posteriores.\u201d <\/p>\n<p>Por su parte, el concejal de Contrataci\u00f3n, Juan Jos\u00e9 Rodr\u00edguez, destaca la necesidad de dar respuesta a esta demanda de la localidad costera: \u201cComo vecino de El Cotillo s\u00e9, de primera mano, como el proyecto del paseo ha sido, desde siempre, uno de los asuntos con m\u00e1s solicitudes de mejora por parte del pueblo.\u201d <\/p>\n<p>Asimismo, Rodr\u00edguez a\u00f1ade: \u201cGracias a la Oficina de Fondos Europeos hacemos de esta demanda hist\u00f3rica una realidad tangible, en la que no solo se pone en valor nuestro entorno natural, sino que se pone el acento sobre los hornos de cal, un Bien de Inter\u00e9s Cultural con gran relevancia no solo para la historia de nuestro municipio, sino tambi\u00e9n para todo la isla de Fuerteventura.\u201d <\/p>\n<p>Esta acci\u00f3n responde a uno de los compromisos de mayor relevancia del gobierno local, a trav\u00e9s de la mejora del espacio p\u00fablico, asegurando la calidad y la accesibilidad de uno de los enclaves naturales y patrimoniales m\u00e1s destacados de la isla majorera.<\/p>\n","protected":false},"excerpt":{"rendered":"<p><span>El Consistorio abre el plazo para que las empresas realicen la presentaci\u00f3n de ofertas hasta el 20 de agosto, respondiendo a un reclamo hist\u00f3rico por parte del pueblo costero y con un fuerte car\u00e1cter simb\u00f3lico para todo el municipio<\/span><\/p>\n","protected":false},"author":1,"featured_media":9338,"comment_status":"open","ping_status":"open","sticky":false,"template":"","format":"standard","meta":{"inline_featured_image":false,"jnews-multi-image_gallery":[],"jnews_single_post":[],"jnews_primary_category":[],"jnews_social_meta":[],"jnews_override_counter":[],"jnews_post_split":[],"footnotes":""},"categories":[62],"tags":[82,72],"class_list":["post-9336","post","type-post","status-publish","format-standard","has-post-thumbnail","hentry","category-la-oliva","tag-fuerteventura","tag-integracion"],"jetpack_featured_media_url":"https:\/\/informacionlocal.es\/wp-content\/uploads\/2025\/08\/5230_10c1b3fb.png","_links":{"self":[{"href":"https:\/\/informacionlocal.es\/de\/wp-json\/wp\/v2\/posts\/9336","targetHints":{"allow":["GET"]}}],"collection":[{"href":"https:\/\/informacionlocal.es\/de\/wp-json\/wp\/v2\/posts"}],"about":[{"href":"https:\/\/informacionlocal.es\/de\/wp-json\/wp\/v2\/types\/post"}],"author":[{"embeddable":true,"href":"https:\/\/informacionlocal.es\/de\/wp-json\/wp\/v2\/users\/1"}],"replies":[{"embeddable":true,"href":"https:\/\/informacionlocal.es\/de\/wp-json\/wp\/v2\/comments?post=9336"}],"version-history":[{"count":0,"href":"https:\/\/informacionlocal.es\/de\/wp-json\/wp\/v2\/posts\/9336\/revisions"}],"wp:featuredmedia":[{"embeddable":true,"href":"https:\/\/informacionlocal.es\/de\/wp-json\/wp\/v2\/media\/9338"}],"wp:attachment":[{"href":"https:\/\/informacionlocal.es\/de\/wp-json\/wp\/v2\/media?parent=9336"}],"wp:term":[{"taxonomy":"category","embeddable":true,"href":"https:\/\/informacionlocal.es\/de\/wp-json\/wp\/v2\/categories?post=9336"},{"taxonomy":"post_tag","embeddable":true,"href":"https:\/\/informacionlocal.es\/de\/wp-json\/wp\/v2\/tags?post=9336"}],"curies":[{"name":"wp","href":"https:\/\/api.w.org\/{rel}","templated":true}]}}