{"id":9312,"date":"2025-08-05T15:59:49","date_gmt":"2025-08-05T14:59:49","guid":{"rendered":"https:\/\/informacionlocal.es\/fuerteventura-protagonista-finaliza-su-primer-bloque-de-capacitaciones-con-un-nuevo-seminario-online\/"},"modified":"2025-08-05T15:59:49","modified_gmt":"2025-08-05T14:59:49","slug":"fuerteventura-protagonista-finaliza-su-primer-bloque-de-capacitaciones-con-un-nuevo-seminario-online","status":"publish","type":"post","link":"https:\/\/informacionlocal.es\/de\/fuerteventura-protagonista-finaliza-su-primer-bloque-de-capacitaciones-con-un-nuevo-seminario-online\/","title":{"rendered":"\ufeff\u2018Fuerteventura Protagonista\u2019 finaliza su primer bloque de capacitaciones con un nuevo seminario online"},"content":{"rendered":"<div class=\"entry-content\"><strong>5 agosto, 2025<\/strong><\/p>\n<p><strong>\u2018Fuerteventura Protagonista\u2019 finaliza su primer bloque de capacitaciones con un nuevo seminario online<\/strong><\/p>\n<p><em><strong>La formaci\u00f3n se desarrollar\u00e1 el pr\u00f3ximo 7 de agosto a las 17 .00 horas, a cargo de la docente e investigadora Gisela Signorelli<\/strong><\/em><\/p>\n<p><strong>El proyecto del Cabildo y Fundaci\u00f3n General de la ULL ha emitido, hasta ahora, un total de 110 certificaciones, y continuar\u00e1 en septiembre con formaci\u00f3n presencial en todos los municipios<\/strong><\/p>\n<p>El proyecto \u2018Fuerteventura Protagonista\u2019, que promueve la Consejer\u00eda de Participaci\u00f3n Ciudadana del Cabildo junto a la Fundaci\u00f3n General de la Universidad de La Laguna, contin\u00faa reforzando la participaci\u00f3n ciudadana en la Isla a trav\u00e9s de formaci\u00f3n en metodolog\u00edas comunitarias. El primer bloque de capacitaciones finaliza este jueves, 7 de agosto, con un \u00faltimo seminario online denominado\u00a0<a>\u2018Cartograf\u00eda colectiva: construcci\u00f3n participativa del territorio\u2019<\/a>.<\/p>\n<p>Esta formaci\u00f3n est\u00e1 dirigida a toda la poblaci\u00f3n majorera con el fin de facilitar herramientas conceptuales y metodol\u00f3gicas para comprender las cartograf\u00edas colectivas como una pr\u00e1ctica de construcci\u00f3n participativa del territorio, visibilizando su potencia cr\u00edtica, pedag\u00f3gica y pol\u00edtica. El curso ser\u00e1 impartido de manera online por Gisela Signorelli, experta en innovaci\u00f3n, gesti\u00f3n p\u00fablica y gobierno abierto.<\/p>\n<p>Se trata de una formaci\u00f3n gratuita y certificada por la Fundaci\u00f3n Canaria General de la Universidad de La Laguna.\u00a0 Las personas interesadas pueden formalizar su inscripci\u00f3n a trav\u00e9s del siguiente enlace:<\/p>\n<p>https:\/\/docs.google.com\/forms\/d\/e\/1FAIpQLSf0hSqd6Sg8ePzqN8WKWepHD-f4CIUGrXXs8VtBmvfhmD_VsA\/viewform<\/p>\n<p>\u2018Fuerteventura Protagonista\u2019 es un proyecto comunitario que busca fomentar la participaci\u00f3n ciudadana en el desarrollo integral de la Isla.\u00a0Seg\u00fan explica el consejero de Participaci\u00f3n Ciudadana, V\u00edctor Alonso, con este \u00faltimo seminario, el proyecto finaliza su primer bloque de capacitaciones para dotar a la comunidad majorera de herramientas y conocimientos para involucrarse activamente en el desarrollo local y la toma de decisiones colectivas. Estos seminarios han supuesto todo un \u00e9xito de participaci\u00f3n, habiendo emitido, hasta la fecha, 110 certificaciones.<\/p>\n<p>Una vez concluido, durante el mes de septiembre dar\u00e1 comienzo un siguiente bloque titulado \u2018formaci\u00f3n para la acci\u00f3n\u2019 en metodolog\u00edas comunitarias, que se desarrollar\u00e1 de modo presencial por todos los municipios de la Isla majorera.<\/p>\n<p><strong>Audici\u00f3n Social<\/strong><\/p>\n<p>Asimismo, contin\u00faa abierto el proceso de audici\u00f3n social por toda la Isla, con el objetivo de que la comunidad pueda aportar al territorio desde un papel activo y participativo. Se encuentra abierto hasta el pr\u00f3ximo 31 de agosto, para todas las edades, personas y colectivos, traslad\u00e1ndose a todos los municipios.<\/p>\n<p>Las personas interesadas en participar pueden ponerse en contacto a trav\u00e9s del enlace:\u00a0https:\/\/bit.ly\/ficherofuerteventuraprotagonista<\/p>\n<p>De esta manera, se organizar\u00e1n los coloquios dentro de este proceso de audici\u00f3n, creando espacios para el di\u00e1logo y escucha activa.<\/p>\n<\/div>\n","protected":false},"excerpt":{"rendered":"<p>5 agosto, 2025 \u2018Fuerteventura Protagonista\u2019 finaliza su primer bloque de capacitaciones con un nuevo seminario online La formaci\u00f3n se desarrollar\u00e1 el pr\u00f3ximo 7 de agosto a las 17 .00 horas, [&hellip;]<\/p>\n","protected":false},"author":1,"featured_media":9314,"comment_status":"open","ping_status":"open","sticky":false,"template":"","format":"standard","meta":{"inline_featured_image":false,"jnews-multi-image_gallery":[],"jnews_single_post":[],"jnews_primary_category":[],"jnews_social_meta":[],"jnews_override_counter":[],"jnews_post_split":[],"footnotes":""},"categories":[58],"tags":[82,65],"class_list":["post-9312","post","type-post","status-publish","format-standard","has-post-thumbnail","hentry","category-cabildo","tag-fuerteventura","tag-municipios"],"jetpack_featured_media_url":"https:\/\/informacionlocal.es\/wp-content\/uploads\/2025\/08\/4wrt4.jpeg","_links":{"self":[{"href":"https:\/\/informacionlocal.es\/de\/wp-json\/wp\/v2\/posts\/9312","targetHints":{"allow":["GET"]}}],"collection":[{"href":"https:\/\/informacionlocal.es\/de\/wp-json\/wp\/v2\/posts"}],"about":[{"href":"https:\/\/informacionlocal.es\/de\/wp-json\/wp\/v2\/types\/post"}],"author":[{"embeddable":true,"href":"https:\/\/informacionlocal.es\/de\/wp-json\/wp\/v2\/users\/1"}],"replies":[{"embeddable":true,"href":"https:\/\/informacionlocal.es\/de\/wp-json\/wp\/v2\/comments?post=9312"}],"version-history":[{"count":0,"href":"https:\/\/informacionlocal.es\/de\/wp-json\/wp\/v2\/posts\/9312\/revisions"}],"wp:featuredmedia":[{"embeddable":true,"href":"https:\/\/informacionlocal.es\/de\/wp-json\/wp\/v2\/media\/9314"}],"wp:attachment":[{"href":"https:\/\/informacionlocal.es\/de\/wp-json\/wp\/v2\/media?parent=9312"}],"wp:term":[{"taxonomy":"category","embeddable":true,"href":"https:\/\/informacionlocal.es\/de\/wp-json\/wp\/v2\/categories?post=9312"},{"taxonomy":"post_tag","embeddable":true,"href":"https:\/\/informacionlocal.es\/de\/wp-json\/wp\/v2\/tags?post=9312"}],"curies":[{"name":"wp","href":"https:\/\/api.w.org\/{rel}","templated":true}]}}