{"id":9289,"date":"2025-08-04T20:58:43","date_gmt":"2025-08-04T19:58:43","guid":{"rendered":"https:\/\/informacionlocal.es\/das-rathaus-von-puerto-del-rosario-startet-die-kreativ-workshops-fuer-kinder-im-august\/"},"modified":"2025-08-04T20:58:43","modified_gmt":"2025-08-04T19:58:43","slug":"das-rathaus-von-puerto-del-rosario-startet-die-kreativ-workshops-fuer-kinder-im-august","status":"publish","type":"post","link":"https:\/\/informacionlocal.es\/de\/das-rathaus-von-puerto-del-rosario-startet-die-kreativ-workshops-fuer-kinder-im-august\/","title":{"rendered":"Das Rathaus von Puerto del Rosario startet die Kreativ-Workshops f\u00fcr Kinder im August."},"content":{"rendered":"<div class=\"entry-content\">\n<p>Die Stadtverwaltung von Puerto del Rosario hat \u00fcber die Abteilung f\u00fcr Kultur eine Reihe von Aktivit\u00e4ten f\u00fcr Kinder organisiert.<\/p>\n<p>Sie finden in der Casa de la Cultura (Calle Ramiro de Maeztu, 1) statt.<\/p>\n<p>Die Anmeldung ist kostenlos und kann unter der folgenden Telefonnummer vorgenommen werden <strong><u>928 85 94 40<\/u><\/strong> oder durch Senden einer E-Mail an <strong><u>bibliotecamunicipal89@gmail.com.<\/u><\/strong><\/p>\n<p>Das geplante Programm umfasst:<\/p>\n<ul>\n<li>05\/08 Geschichtenerz\u00e4hlen<\/li>\n<li>06\/08 Sommer-Hobby-Workshop<\/li>\n<li>07\/08 <em>Geschichtenerz\u00e4hlen!<\/em> Geschichtenerz\u00e4hlen auf Englisch<\/li>\n<li>12\/08 Kreative Schreibwerkstatt f\u00fcr Familien<\/li>\n<li>13\/08 Film-Workshop<\/li>\n<li>14\/08 Sommer-Hobby-Workshop auf Englisch<\/li>\n<li>19\/08 Werkstatt f\u00fcr wortlose B\u00fccher<\/li>\n<li>20\/08 Geschichtenerz\u00e4hlen<\/li>\n<li>21\/08 Spiele-Workshop<\/li>\n<li>22\/08 Kinderfilmforum<\/li>\n<\/ul>\n<p>F\u00fcr den B\u00fcrgermeister der Hauptstadt, <strong>David de Vera<\/strong>, &#8222;ist es im Sommer wichtig, dass die Kleinen sich durch Spielen, Lesen und Kreativit\u00e4t weiterentwickeln k\u00f6nnen. Der Stadtrat setzt sich f\u00fcr ein vielf\u00e4ltiges und kostenloses Kulturangebot ein, das alle Familien erreicht.<\/p>\n<p>Der Stadtrat f\u00fcr Kultur, <strong>Juan Manuel Verdugo<\/strong>, erkl\u00e4rte, dass &#8222;diese Workshops die Phantasie der Kinder wecken sollen, immer mit der Unterst\u00fctzung von qualifizierten Fachleuten. Unsere Priorit\u00e4t ist es, sichere und bereichernde R\u00e4ume anzubieten, in denen sie lernen, Spa\u00df haben und sich austauschen k\u00f6nnen&#8220;.<\/p>\n<\/div>\n","protected":false},"excerpt":{"rendered":"<p>Die Stadtverwaltung von Puerto del Rosario hat \u00fcber die Abteilung f\u00fcr Kultur eine Reihe von Aktivit\u00e4ten f\u00fcr Kinder organisiert. Sie finden in der Casa de la Cultura (Calle Ramiro de [&hellip;]<\/p>\n","protected":false},"author":1,"featured_media":9286,"comment_status":"open","ping_status":"open","sticky":false,"template":"","format":"standard","meta":{"inline_featured_image":false,"jnews-multi-image_gallery":[],"jnews_single_post":[],"jnews_primary_category":[],"jnews_social_meta":[],"jnews_override_counter":[],"jnews_post_split":[],"footnotes":""},"categories":[293],"tags":[],"class_list":["post-9289","post","type-post","status-publish","format-standard","has-post-thumbnail","hentry","category-puerto-del-rosario-de"],"jetpack_featured_media_url":"https:\/\/informacionlocal.es\/wp-content\/uploads\/2025\/08\/agosto-creativo-22.jpg","_links":{"self":[{"href":"https:\/\/informacionlocal.es\/de\/wp-json\/wp\/v2\/posts\/9289","targetHints":{"allow":["GET"]}}],"collection":[{"href":"https:\/\/informacionlocal.es\/de\/wp-json\/wp\/v2\/posts"}],"about":[{"href":"https:\/\/informacionlocal.es\/de\/wp-json\/wp\/v2\/types\/post"}],"author":[{"embeddable":true,"href":"https:\/\/informacionlocal.es\/de\/wp-json\/wp\/v2\/users\/1"}],"replies":[{"embeddable":true,"href":"https:\/\/informacionlocal.es\/de\/wp-json\/wp\/v2\/comments?post=9289"}],"version-history":[{"count":0,"href":"https:\/\/informacionlocal.es\/de\/wp-json\/wp\/v2\/posts\/9289\/revisions"}],"wp:featuredmedia":[{"embeddable":true,"href":"https:\/\/informacionlocal.es\/de\/wp-json\/wp\/v2\/media\/9286"}],"wp:attachment":[{"href":"https:\/\/informacionlocal.es\/de\/wp-json\/wp\/v2\/media?parent=9289"}],"wp:term":[{"taxonomy":"category","embeddable":true,"href":"https:\/\/informacionlocal.es\/de\/wp-json\/wp\/v2\/categories?post=9289"},{"taxonomy":"post_tag","embeddable":true,"href":"https:\/\/informacionlocal.es\/de\/wp-json\/wp\/v2\/tags?post=9289"}],"curies":[{"name":"wp","href":"https:\/\/api.w.org\/{rel}","templated":true}]}}