{"id":9265,"date":"2025-08-04T19:01:26","date_gmt":"2025-08-04T18:01:26","guid":{"rendered":"https:\/\/informacionlocal.es\/25-jugendliche-lernen-englisch-in-irland-dank-der-sprachstipendien-des-inselrats-von-fuerteventura\/"},"modified":"2025-08-04T19:01:26","modified_gmt":"2025-08-04T18:01:26","slug":"25-jugendliche-lernen-englisch-in-irland-dank-der-sprachstipendien-des-inselrats-von-fuerteventura","status":"publish","type":"post","link":"https:\/\/informacionlocal.es\/de\/25-jugendliche-lernen-englisch-in-irland-dank-der-sprachstipendien-des-inselrats-von-fuerteventura\/","title":{"rendered":"25 Jugendliche lernen Englisch in Irland dank der Sprachstipendien des Inselrats von Fuerteventura"},"content":{"rendered":"<div class=\"entry-content\"><strong>4. August, 2025<\/strong><\/p>\n<p><em><strong>  Nach einem sechsmonatigen Online-Training leben und studieren die Studierenden vier Wochen lang in dem angels\u00e4chsischen Land.<\/strong><\/em><\/p>\n<p>Eine Gruppe von 25 jungen Leuten aus Fuerteventura lernt dank der Sprachstipendien des Inselrats Englisch in Irland. Nach einem sechsmonatigen Online-Training auf der Insel sind die Stipendiaten nun im angels\u00e4chsischen Land, wo sie im August eine p\u00e4dagogische und kulturelle Erfahrung machen werden, die es ihnen erm\u00f6glicht, die Sprache in realen Kontexten zu \u00fcben. <\/p>\n<p>Der Stadtrat f\u00fcr Bildung, Adargoma Hern\u00e1ndez, begr\u00fc\u00dfte die Tatsache, dass das Stipendium nun die internationale Phase erreicht hat, eine Erfahrung, die ihre akademische und pers\u00f6nliche Entwicklung pr\u00e4gen wird. Hern\u00e1ndez erinnerte auch daran, dass der Aufruf zu diesen Stipendien dem Engagement des Cabildo f\u00fcr Chancengleichheit und eine qualitativ hochwertige Sprachausbildung f\u00fcr die Jugend der Insel entspricht. <\/p>\n<p>W\u00e4hrend ihres Aufenthalts werden die 15- bis 16-j\u00e4hrigen Sch\u00fcler abwechselnd Englischunterricht und kulturelle und sportliche Aktivit\u00e4ten sowie Freiwilligenarbeit vor Ort absolvieren, um ihr H\u00f6rverst\u00e4ndnis und ihre Sprechfertigkeit sowie ihre Selbst\u00e4ndigkeit und Anpassungsf\u00e4higkeit zu verbessern.  <\/p>\n<\/div>\n","protected":false},"excerpt":{"rendered":"<p>4. August, 2025 Nach einem sechsmonatigen Online-Training leben und studieren die Studierenden vier Wochen lang in dem angels\u00e4chsischen Land. Eine Gruppe von 25 jungen Leuten aus Fuerteventura lernt dank der [&hellip;]<\/p>\n","protected":false},"author":1,"featured_media":9262,"comment_status":"open","ping_status":"open","sticky":false,"template":"","format":"standard","meta":{"inline_featured_image":false,"jnews-multi-image_gallery":[],"jnews_single_post":[],"jnews_primary_category":[],"jnews_social_meta":[],"jnews_override_counter":[],"jnews_post_split":[],"footnotes":""},"categories":[287],"tags":[306,216],"class_list":["post-9265","post","type-post","status-publish","format-standard","has-post-thumbnail","hentry","category-cabildo-de","tag-educacion-de","tag-fuerteventura-de"],"jetpack_featured_media_url":"https:\/\/informacionlocal.es\/wp-content\/uploads\/2025\/08\/inmersic3b3n.jpg","_links":{"self":[{"href":"https:\/\/informacionlocal.es\/de\/wp-json\/wp\/v2\/posts\/9265","targetHints":{"allow":["GET"]}}],"collection":[{"href":"https:\/\/informacionlocal.es\/de\/wp-json\/wp\/v2\/posts"}],"about":[{"href":"https:\/\/informacionlocal.es\/de\/wp-json\/wp\/v2\/types\/post"}],"author":[{"embeddable":true,"href":"https:\/\/informacionlocal.es\/de\/wp-json\/wp\/v2\/users\/1"}],"replies":[{"embeddable":true,"href":"https:\/\/informacionlocal.es\/de\/wp-json\/wp\/v2\/comments?post=9265"}],"version-history":[{"count":0,"href":"https:\/\/informacionlocal.es\/de\/wp-json\/wp\/v2\/posts\/9265\/revisions"}],"wp:featuredmedia":[{"embeddable":true,"href":"https:\/\/informacionlocal.es\/de\/wp-json\/wp\/v2\/media\/9262"}],"wp:attachment":[{"href":"https:\/\/informacionlocal.es\/de\/wp-json\/wp\/v2\/media?parent=9265"}],"wp:term":[{"taxonomy":"category","embeddable":true,"href":"https:\/\/informacionlocal.es\/de\/wp-json\/wp\/v2\/categories?post=9265"},{"taxonomy":"post_tag","embeddable":true,"href":"https:\/\/informacionlocal.es\/de\/wp-json\/wp\/v2\/tags?post=9265"}],"curies":[{"name":"wp","href":"https:\/\/api.w.org\/{rel}","templated":true}]}}