{"id":9253,"date":"2025-08-04T18:00:07","date_gmt":"2025-08-04T17:00:07","guid":{"rendered":"https:\/\/informacionlocal.es\/puerto-del-rosario-verbessert-die-zugaenglichkeit-und-fussgaengermobilitaet-in-verschiedenen-bereichen-der-gemeinde\/"},"modified":"2025-08-04T18:00:07","modified_gmt":"2025-08-04T17:00:07","slug":"puerto-del-rosario-verbessert-die-zugaenglichkeit-und-fussgaengermobilitaet-in-verschiedenen-bereichen-der-gemeinde","status":"publish","type":"post","link":"https:\/\/informacionlocal.es\/de\/puerto-del-rosario-verbessert-die-zugaenglichkeit-und-fussgaengermobilitaet-in-verschiedenen-bereichen-der-gemeinde\/","title":{"rendered":"Puerto del Rosario verbessert die Zug\u00e4nglichkeit und Fu\u00dfg\u00e4ngermobilit\u00e4t in verschiedenen Bereichen der Gemeinde."},"content":{"rendered":"<div class=\"entry-content\">\n<p>Die Stadtverwaltung von Puerto del Rosario informiert \u00fcber die Ver\u00f6ffentlichung der Ausschreibung f\u00fcr die Ausarbeitung des Projekts zur Realisierung des barrierefreien Fu\u00dfg\u00e4ngerwegs L2, mit dem Ziel, die Zug\u00e4nglichkeit und die Fu\u00dfg\u00e4ngermobilit\u00e4t zwischen den Stadtteilen Fabelo Alto, Fabelo Bajo, Buenavista und La Charca zu verbessern.<\/p>\n<p>Diese Aktion wird von der Abteilung Mobilit\u00e4t und Zug\u00e4nglichkeit gef\u00f6rdert,<\/p>\n<p>und ist Teil des st\u00e4dtischen Engagements f\u00fcr den Aufbau einer freundlicheren, sichereren und integrativeren Stadt, in der sich alle Menschen unabh\u00e4ngig und gleichberechtigt bewegen k\u00f6nnen.<\/p>\n<p>Die \u00f6ffentliche Ausstellung ist bis zum 18. August 2025 zu sehen.<\/p>\n<p>F\u00fcr <strong>B\u00fcrgermeister David de Vera<\/strong> ist es &#8222;wichtig, die Planung von Fu\u00dfg\u00e4ngerzonen fortzusetzen, um die Mobilit\u00e4t von Einwohnern und Besuchern in einer Gemeinde zu erleichtern, die mit 47.000 registrierten Einwohnern weiter w\u00e4chst und mit verschiedenen Mobilit\u00e4tsproblemen konfrontiert ist&#8220;.<\/p>\n<p>Der <strong>Stadtrat f\u00fcr Mobilit\u00e4t und Zug\u00e4nglichkeit, To\u00f1i Fdez Arag\u00f3n,<\/strong> betonte &#8222;die Arbeit, sowohl vor Ort als auch in der Gesetzgebung, auf technischer und administrativer Ebene, um diese herausragenden Ziele zu verwirklichen, die darauf abzielen, verschiedene Fu\u00dfg\u00e4ngerzonen zu entwickeln, die das Reisen bequemer machen und die Mobilit\u00e4t und Zug\u00e4nglichkeit aller B\u00fcrger erleichtern&#8220;.<\/p>\n<p>Die Stadtverwaltung setzt sich weiterhin daf\u00fcr ein, allen Einwohnern von Puerto del Rosario das Recht auf eine w\u00fcrdige, nachhaltige und barrierefreie Mobilit\u00e4t zu garantieren.<\/p>\n<\/p>\n<\/div>\n","protected":false},"excerpt":{"rendered":"<p>Die Stadtverwaltung von Puerto del Rosario informiert \u00fcber die Ver\u00f6ffentlichung der Ausschreibung f\u00fcr die Ausarbeitung des Projekts zur Realisierung des barrierefreien Fu\u00dfg\u00e4ngerwegs L2, mit dem Ziel, die Zug\u00e4nglichkeit und die [&hellip;]<\/p>\n","protected":false},"author":1,"featured_media":9250,"comment_status":"open","ping_status":"open","sticky":false,"template":"","format":"standard","meta":{"inline_featured_image":false,"jnews-multi-image_gallery":[],"jnews_single_post":[],"jnews_primary_category":[],"jnews_social_meta":[],"jnews_override_counter":[],"jnews_post_split":[],"footnotes":""},"categories":[293],"tags":[],"class_list":["post-9253","post","type-post","status-publish","format-standard","has-post-thumbnail","hentry","category-puerto-del-rosario-de"],"jetpack_featured_media_url":"https:\/\/informacionlocal.es\/wp-content\/uploads\/2025\/08\/peatonal-25-accesibilidad-y-movilidad.jpeg","_links":{"self":[{"href":"https:\/\/informacionlocal.es\/de\/wp-json\/wp\/v2\/posts\/9253","targetHints":{"allow":["GET"]}}],"collection":[{"href":"https:\/\/informacionlocal.es\/de\/wp-json\/wp\/v2\/posts"}],"about":[{"href":"https:\/\/informacionlocal.es\/de\/wp-json\/wp\/v2\/types\/post"}],"author":[{"embeddable":true,"href":"https:\/\/informacionlocal.es\/de\/wp-json\/wp\/v2\/users\/1"}],"replies":[{"embeddable":true,"href":"https:\/\/informacionlocal.es\/de\/wp-json\/wp\/v2\/comments?post=9253"}],"version-history":[{"count":0,"href":"https:\/\/informacionlocal.es\/de\/wp-json\/wp\/v2\/posts\/9253\/revisions"}],"wp:featuredmedia":[{"embeddable":true,"href":"https:\/\/informacionlocal.es\/de\/wp-json\/wp\/v2\/media\/9250"}],"wp:attachment":[{"href":"https:\/\/informacionlocal.es\/de\/wp-json\/wp\/v2\/media?parent=9253"}],"wp:term":[{"taxonomy":"category","embeddable":true,"href":"https:\/\/informacionlocal.es\/de\/wp-json\/wp\/v2\/categories?post=9253"},{"taxonomy":"post_tag","embeddable":true,"href":"https:\/\/informacionlocal.es\/de\/wp-json\/wp\/v2\/tags?post=9253"}],"curies":[{"name":"wp","href":"https:\/\/api.w.org\/{rel}","templated":true}]}}