{"id":9242,"date":"2025-08-04T16:58:38","date_gmt":"2025-08-04T15:58:38","guid":{"rendered":"https:\/\/informacionlocal.es\/das-rathaus-von-pajara-feiert-den-erfolg-der-37-auflage-der-weltmeisterschaft-im-windsurfen-und-wingfoil\/"},"modified":"2025-08-04T16:58:38","modified_gmt":"2025-08-04T15:58:38","slug":"das-rathaus-von-pajara-feiert-den-erfolg-der-37-auflage-der-weltmeisterschaft-im-windsurfen-und-wingfoil","status":"publish","type":"post","link":"https:\/\/informacionlocal.es\/de\/das-rathaus-von-pajara-feiert-den-erfolg-der-37-auflage-der-weltmeisterschaft-im-windsurfen-und-wingfoil\/","title":{"rendered":"Das Rathaus von P\u00e1jara feiert den Erfolg der 37. Auflage der Weltmeisterschaft im Windsurfen und Wingfoil"},"content":{"rendered":"<div class=\"entry-content\">\n<p><b><i>Die Veranstaltung st\u00e4rkte die Position der Gemeinde als Weltreferenz im nautischen Sport.  <\/i><\/b><\/p>\n<p><span>Das Rathaus von P\u00e1jara feiert den durchschlagenden Erfolg der 37. Auflage der Weltmeisterschaft im Windsurfen und Wingfoil, die zwei Wochen lang am Strand von La Barca stattfand. Diese Veranstaltung, an der Tausende von Menschen teilgenommen haben, hat die f\u00fchrende Rolle der Gemeinde P\u00e1jara in der Welt des Wassersports deutlich gemacht.   <\/span><\/p>\n<p><span>Der Wettbewerb, der Teil des PWA World Circuit ist, hat die besten internationalen Fahrer zusammengebracht und hatte perfekte Bedingungen f\u00fcr die Entwicklung dieser Disziplinen. Der konstante Wind und das Meer unter optimalen Bedingungen haben es den Teilnehmern erm\u00f6glicht, ihr K\u00f6nnen in einem sportlichen Spektakel zu zeigen, das die Zuschauer in seinen Bann gezogen hat.   <\/span><\/p>\n<p><span>Die Abschlusszeremonie, mit der diese intensive Veranstaltung zu Ende ging, wurde mit der Verleihung der Preise an die Gewinner der verschiedenen Kategorien gefeiert. Die hohe Qualit\u00e4t der Teilnehmer und der sportliche Geist des Wettbewerbs waren die Hauptdarsteller des Tages. An der Zeremonie nahmen die lokalen Beh\u00f6rden, Mitglieder der Organisation, Sponsoren und zahlreiche Medien teil.    <\/span><\/p>\n<p><span>Der B\u00fcrgermeister von P\u00e1jara, Alejandro Jorge, hat die positiven Auswirkungen dieser Meisterschaft auf das Image der Gemeinde hervorgehoben. &#8222;Diese Veranstaltung unterstreicht das Potenzial unserer Gemeinde, nicht nur f\u00fcr den Sonnen- und Strandtourismus, sondern auch als Ma\u00dfstab f\u00fcr den Spitzensport. Wir werden weiterhin Veranstaltungen dieser Gr\u00f6\u00dfenordnung unterst\u00fctzen, die unsere Gemeinde auf der internationalen B\u00fchne positionieren&#8220;, sagte er.   <\/span><\/p>\n<p><span>Der Stadtrat f\u00fcr Sport, Jos\u00e9 Benito Alonso, hob die hervorragende Entwicklung der Meisterschaft hervor und betonte, wie wichtig es sei, &#8222;den Wassersport bei unseren Jugendlichen weiterhin zu f\u00f6rdern und der Welt die einzigartigen Bedingungen zu zeigen, die unsere K\u00fcste bietet&#8220;.  <\/span><\/p>\n<p><span>Die Stadtr\u00e4tin f\u00fcr Tourismus, Tina Da Silva, hob ihrerseits die Bedeutung der Veranstaltung f\u00fcr den Tourismus und die Wirtschaftsf\u00f6rderung hervor. &#8222;Mit dieser neuen Ausgabe haben wir nicht nur unsere Str\u00e4nde weltweit bekannt gemacht, sondern auch die lokale Wirtschaft angekurbelt und unser Engagement f\u00fcr Sport, Nachhaltigkeit und die F\u00f6rderung des Qualit\u00e4tstourismus verst\u00e4rkt&#8220;, sagte sie.   <\/span><\/p>\n<p><span>W\u00e4hrend der gesamten Veranstaltung konnten die Teilnehmer an einer Reihe von parallelen Aktivit\u00e4ten teilnehmen, wie z. B. Konzerten, gastronomischen Erlebnissen und Umwelt-Workshops, die das Angebot f\u00fcr alle Zielgruppen bereicherten und ein umfassendes Erlebnis f\u00fcr Einwohner und Besucher gleicherma\u00dfen sicherstellten.<\/span><\/p>\n<p><span>Die Organisation arbeitet bereits an der n\u00e4chsten Ausgabe, mit dem Ziel, Fuerteventura als Epizentrum des Windsurfens und des Wingfoil auf Weltniveau weiter auszubauen und zu festigen.  <\/span><\/p>\n<\/div>\n","protected":false},"excerpt":{"rendered":"<p><i>Die Veranstaltung st\u00e4rkte die Position der Gemeinde als Weltreferenz im nautischen Sport.  <\/i><\/p>\n","protected":false},"author":1,"featured_media":9238,"comment_status":"open","ping_status":"open","sticky":false,"template":"","format":"standard","meta":{"inline_featured_image":false,"jnews-multi-image_gallery":[],"jnews_single_post":[],"jnews_primary_category":[],"jnews_social_meta":[],"jnews_override_counter":[],"jnews_post_split":[],"footnotes":""},"categories":[297],"tags":[303,216,343],"class_list":["post-9242","post","type-post","status-publish","format-standard","has-post-thumbnail","hentry","category-pajara-de","tag-eventos-de","tag-fuerteventura-de","tag-sport-de"],"jetpack_featured_media_url":"https:\/\/informacionlocal.es\/wp-content\/uploads\/2025\/08\/whatsapp-image-2025-08-04-at-12-09-09.jpeg","_links":{"self":[{"href":"https:\/\/informacionlocal.es\/de\/wp-json\/wp\/v2\/posts\/9242","targetHints":{"allow":["GET"]}}],"collection":[{"href":"https:\/\/informacionlocal.es\/de\/wp-json\/wp\/v2\/posts"}],"about":[{"href":"https:\/\/informacionlocal.es\/de\/wp-json\/wp\/v2\/types\/post"}],"author":[{"embeddable":true,"href":"https:\/\/informacionlocal.es\/de\/wp-json\/wp\/v2\/users\/1"}],"replies":[{"embeddable":true,"href":"https:\/\/informacionlocal.es\/de\/wp-json\/wp\/v2\/comments?post=9242"}],"version-history":[{"count":0,"href":"https:\/\/informacionlocal.es\/de\/wp-json\/wp\/v2\/posts\/9242\/revisions"}],"wp:featuredmedia":[{"embeddable":true,"href":"https:\/\/informacionlocal.es\/de\/wp-json\/wp\/v2\/media\/9238"}],"wp:attachment":[{"href":"https:\/\/informacionlocal.es\/de\/wp-json\/wp\/v2\/media?parent=9242"}],"wp:term":[{"taxonomy":"category","embeddable":true,"href":"https:\/\/informacionlocal.es\/de\/wp-json\/wp\/v2\/categories?post=9242"},{"taxonomy":"post_tag","embeddable":true,"href":"https:\/\/informacionlocal.es\/de\/wp-json\/wp\/v2\/tags?post=9242"}],"curies":[{"name":"wp","href":"https:\/\/api.w.org\/{rel}","templated":true}]}}