{"id":9229,"date":"2025-08-04T12:58:32","date_gmt":"2025-08-04T11:58:32","guid":{"rendered":"https:\/\/informacionlocal.es\/caleta-sound-fest-uebertrifft-alle-erwartungen-in-caleta-de-fuste\/"},"modified":"2025-08-04T12:58:32","modified_gmt":"2025-08-04T11:58:32","slug":"caleta-sound-fest-uebertrifft-alle-erwartungen-in-caleta-de-fuste","status":"publish","type":"post","link":"https:\/\/informacionlocal.es\/de\/caleta-sound-fest-uebertrifft-alle-erwartungen-in-caleta-de-fuste\/","title":{"rendered":"Caleta Sound Fest \u00fcbertrifft alle Erwartungen in Caleta de Fuste"},"content":{"rendered":"<div class=\"elementor-widget-container\">\n<p><strong>Caleta Sound Fest \u00fcbertrifft alle Erwartungen in Caleta de Fuste<\/strong><\/p>\n<p><strong>&#8211; Mehr als 11.000 Besucher genossen ein Wochenende voller Musik und Strand bei der Neuauflage des Caleta Sound Festes.<\/strong><br \/><strong>&#8211; Die Beach Party kehrt zur\u00fcck und erneuert sich mit dem Caleta Sound Fest zum wichtigsten Musikereignis.<\/strong><\/p>\n<p>Die 2025 Ausgabe der Caleta Sound Fest Beach Party hat alle Erwartungen \u00fcbertroffen, mit mehr als 11.000 Besuchern, nach Angaben der Polizei, w\u00e4hrend des Wochenendes, sagt der B\u00fcrgermeister von Antigua, Mat\u00edas Pe\u00f1a, und f\u00fcgt hinzu, in einer gro\u00dfartigen Atmosph\u00e4re ohne Registrierung von Zwischenf\u00e4llen und mit einem beispielhaften Publikum.<\/p>\n<p>Die von der Tourismusabteilung des Rathauses von Antigua koordinierte Organisation, die vorangegangenen technischen Berichte der Gemeinde, die Investitionsanstrengungen von mehr als 300.000 Euro, um die Strandparty als Caleta Sound Fest mit diesem Erfolg wiederherzustellen, sowie die Koordination und Professionalit\u00e4t des Sicherheits- und Notfallkorps, insbesondere der Guardia Civil, der Privatpolizei und der \u00f6rtlichen Polizei von Antigua, vor allem die f\u00fcnf Verst\u00e4rkungsagenten im Sonderdienst, die vom stellvertretenden Chefinspektor Domingo Fr\u00e1nquiz koordiniert werden.<\/p>\n<p>Das Caleta Sound Fest hat sich als einer der musikalischen H\u00f6hepunkte des Sommers auf Fuerteventura etabliert und bietet zwei Tage lang Live-Musik, DJs, gastronomische Angebote und Aktivit\u00e4ten f\u00fcr jedes Publikum, so die Tourismusbeauftragte Kristina Rodewig, die die intensive Arbeit der Techniker der Region sowie die musikalische Leitung durch Zukoabega Producciones hervorhebt.<\/p>\n<p>Das Publikum genoss die Rhythmen von Alma Rebelde und Eclipse Reggae, gefolgt vom Auftritt von Paradise, einer Hommage an Coldplay. Einer der am meisten erwarteten Momente war der Auftritt des Argentiniers Luck Ra, der das Publikum mit seinem Charisma und seinen beliebtesten Hits begeisterte. Den Abschluss der ersten Nacht bildete die Session des beliebten DJ Abi\u00e1n Reyes, der Tausende von Besuchern bis in die fr\u00fchen Morgenstunden zum Tanzen brachte. Der Samstag begann mit dem Day Festival, einem Angebot, das sich an ein Publikum aller Altersgruppen richtet, mit Auftritten von Aseres, Miss Band und DJ Supersonikka. Am Nachmittag und Abend \u00fcberraschte das Programm erneut mit dem urbanen Flair von Qu\u00e9 Chimba, gefolgt von der kraftvollen Show von The Rock Show Experience, einer Hommage an Tina Turner. Sp\u00e4ter fesselten Chambao das Publikum mit ihrer unverwechselbaren Mischung aus Flamenco-Chill und gef\u00fchlvollen Texten. F\u00fcr den musikalischen Abschluss des Abends sorgten Da Igual mit ihrer unbek\u00fcmmerten Energie, und als letzter H\u00f6hepunkt kehrten Supersonikka auf die B\u00fchne zur\u00fcck, um sich mit einer letzten Session voller Rhythmus stilvoll vom Festival zu verabschieden.     <\/p>\n<\/p>\n<\/div>\n","protected":false},"excerpt":{"rendered":"<p><strong>Caleta Sound Fest \u00fcbertrifft alle Erwartungen in Caleta de Fuste<\/strong><\/p>\n","protected":false},"author":1,"featured_media":9226,"comment_status":"open","ping_status":"open","sticky":false,"template":"","format":"standard","meta":{"inline_featured_image":false,"jnews-multi-image_gallery":[],"jnews_single_post":[],"jnews_primary_category":[],"jnews_social_meta":[],"jnews_override_counter":[],"jnews_post_split":[],"footnotes":""},"categories":[283],"tags":[216],"class_list":["post-9229","post","type-post","status-publish","format-standard","has-post-thumbnail","hentry","category-antigua-de","tag-fuerteventura-de"],"jetpack_featured_media_url":"https:\/\/informacionlocal.es\/wp-content\/uploads\/2025\/08\/250701_sound_sabado-31-scaled-1.jpg","_links":{"self":[{"href":"https:\/\/informacionlocal.es\/de\/wp-json\/wp\/v2\/posts\/9229","targetHints":{"allow":["GET"]}}],"collection":[{"href":"https:\/\/informacionlocal.es\/de\/wp-json\/wp\/v2\/posts"}],"about":[{"href":"https:\/\/informacionlocal.es\/de\/wp-json\/wp\/v2\/types\/post"}],"author":[{"embeddable":true,"href":"https:\/\/informacionlocal.es\/de\/wp-json\/wp\/v2\/users\/1"}],"replies":[{"embeddable":true,"href":"https:\/\/informacionlocal.es\/de\/wp-json\/wp\/v2\/comments?post=9229"}],"version-history":[{"count":0,"href":"https:\/\/informacionlocal.es\/de\/wp-json\/wp\/v2\/posts\/9229\/revisions"}],"wp:featuredmedia":[{"embeddable":true,"href":"https:\/\/informacionlocal.es\/de\/wp-json\/wp\/v2\/media\/9226"}],"wp:attachment":[{"href":"https:\/\/informacionlocal.es\/de\/wp-json\/wp\/v2\/media?parent=9229"}],"wp:term":[{"taxonomy":"category","embeddable":true,"href":"https:\/\/informacionlocal.es\/de\/wp-json\/wp\/v2\/categories?post=9229"},{"taxonomy":"post_tag","embeddable":true,"href":"https:\/\/informacionlocal.es\/de\/wp-json\/wp\/v2\/tags?post=9229"}],"curies":[{"name":"wp","href":"https:\/\/api.w.org\/{rel}","templated":true}]}}