{"id":9217,"date":"2025-08-04T11:59:47","date_gmt":"2025-08-04T10:59:47","guid":{"rendered":"https:\/\/informacionlocal.es\/fuerteventura-nutzt-die-verkaufsspitzen-in-skandinavien-um-sein-angebot-auf-einem-markt-mit-hoher-kaufkraft-zu-verstaerken\/"},"modified":"2025-08-04T11:59:47","modified_gmt":"2025-08-04T10:59:47","slug":"fuerteventura-nutzt-die-verkaufsspitzen-in-skandinavien-um-sein-angebot-auf-einem-markt-mit-hoher-kaufkraft-zu-verstaerken","status":"publish","type":"post","link":"https:\/\/informacionlocal.es\/de\/fuerteventura-nutzt-die-verkaufsspitzen-in-skandinavien-um-sein-angebot-auf-einem-markt-mit-hoher-kaufkraft-zu-verstaerken\/","title":{"rendered":"Fuerteventura nutzt die Verkaufsspitzen in Skandinavien, um sein Angebot auf einem Markt mit hoher Kaufkraft zu verst\u00e4rken."},"content":{"rendered":"<div class=\"entry-content\"><strong>4. August, 2025<\/strong><\/p>\n<p><em><strong>Im August f\u00fchrt Tourism in Helsinki, Stockholm und Kopenhagen professionelle Aktionen durch, um einen ruhigen Tourismus zu f\u00f6rdern, der sich um einen hochwertigen Service und eine nachhaltige nat\u00fcrliche Umwelt bem\u00fcht.<\/strong><\/em><\/p>\n<p><em><strong>Marlene Figueroa: &#8222;Die skandinavischen L\u00e4nder sind ein strategisches Ziel, ebenso wie die Aufrechterhaltung des nationalen Marktes und der regelm\u00e4\u00dfigen Verbindungen mit Madrid, Sevilla, M\u00e1laga und Barcelona&#8220;.<\/strong><\/em><\/p>\n<p>Der Tourismus hat mit der Umsetzung eines Arbeitsplans f\u00fcr den letzten Teil des Jahres begonnen, der sich auf zwei strategische Ziele konzentriert, die skandinavischen L\u00e4nder und den Inlandsmarkt, zus\u00e4tzlich zu den \u00fcblichen Terminen in London mit dem World Travel Market und anderen Sektoren. Die Bedeutung dieser Ziele liegt in ihrer F\u00e4higkeit, die Lebensqualit\u00e4t auf Fuerteventura zu beeinflussen. <\/p>\n<p>Die Tourismusbeauftragte der Inselregierung von Fuerteventura, Marlene Figueroa, erkl\u00e4rt, dass &#8222;die skandinavischen L\u00e4nder ein strategisches Ziel f\u00fcr Fuerteventura sind, da ihre Kaufkraft und die Art der Dienstleistungen, die sie nachfragen, sowie ihre Qualit\u00e4t, die in beiden F\u00e4llen \u00fcber dem Durchschnitt der Touristen liegt, dem Sektor auf der Insel Auftrieb geben&#8220;.<\/p>\n<p>&#8222;Das wiedergewonnene Vertrauen der skandinavischen M\u00e4rkte ist ein positives Signal f\u00fcr k\u00fcnftige Kunden und f\u00fcr die Fachleute des mallorquinischen Hotel- und Gastst\u00e4ttengewerbes&#8220;, sagt Marlene Figueroa.<\/p>\n<p>Die Roadmap des Tourismus zur Wiederbelebung des skandinavischen Marktes nutzt die Verkaufsspitzen, die im August in Finnland, Schweden, D\u00e4nemark und Norwegen auftreten, um unser Angebot vor Ort zu pr\u00e4sentieren. Diese professionellen Treffen werden in den n\u00e4chsten Wochen in Helsinki, Stockholm und Kopenhagen mit Hilfe der spanischen Botschaften und unter Beteiligung mehrerer Hotelketten auf der Insel und Oasis Wildlife Fuerteventura stattfinden. <\/p>\n<p>Es sei daran erinnert, dass die durchschnittlichen Tagesausgaben eines finnischen Touristen am Zielort (ohne Fl\u00fcge) 158 Euro betragen, die eines schwedischen Touristen 128,3 Euro und die eines norwegischen Touristen 108,3 Euro. Bei diesen Fachkonferenzen \u00fcber den skandinavischen Markt werden au\u00dferdem die regelm\u00e4\u00dfigen Fl\u00fcge von Kopenhagen (D\u00e4nemark) nach Fuerteventura hervorgehoben, die im November 2025 mit der Fluggesellschaft SAS aufgenommen werden sollen. <\/p>\n<h5>Inlandsmarkt und regelm\u00e4\u00dfige Verbindungen<\/h5>\n<p>Das zweite strategische Ziel, das sich der Tourismusverband f\u00fcr den letzten Abschnitt des Jahres 2025 gesetzt hat, ist die Konsolidierung des nationalen Marktes und damit die Gew\u00e4hrleistung regelm\u00e4\u00dfiger Flugverbindungen zwischen Fuerteventura und den wichtigsten St\u00e4dten auf dem Festland.<\/p>\n<p>&#8222;F\u00fcr Fuerteventura bedeutet das Erreichen einer neuen regelm\u00e4\u00dfigen und direkten Verbindung mit einem anderen Teil Spaniens, dass eine Br\u00fccke f\u00fcr die Ankunft von Besuchern ge\u00f6ffnet wird, aber es bedeutet auch, dass die Majoreros und Majoreras die gleiche Br\u00fccke haben, um den Rest des Landes ohne Unterbrechung zu verlassen&#8220;, sagt die Ministerin f\u00fcr Tourismus, Marlene Figueroa.<\/p>\n<p>Aus diesem Grund haben die f\u00fcr September in Madrid, Sevilla, M\u00e1laga und Barcelona geplanten Fachkonferenzen einen doppelten Wert: einen wirtschaftlichen Wert aufgrund des Zustroms von Touristen und einen sozialen Wert, da sie den Bewohnern die M\u00f6glichkeit bieten, mit der Au\u00dfenwelt der Insel in Kontakt zu treten.<\/p>\n<p>&#8222;Regelm\u00e4\u00dfige und direkte Flugverbindungen mit dem Festland sind f\u00fcr Fuerteventura von strategischer Bedeutung, um die doppelte Insellage zu kompensieren&#8220;, sagt Marlene Figueroa, &#8222;und um ein Kundenprofil zu gew\u00e4hrleisten, das den Standards von Charter- oder Pauschalreisen wirtschaftlich \u00fcberlegen ist&#8220;.<\/p>\n<p>Aus diesem Grund werden im September professionelle Aktionen in Madrid, Sevilla, M\u00e1laga und Barcelona in Zusammenarbeit mit acht Hotelketten auf der Insel und der besonderen Beteiligung von Partnern wie Iberia Express, Vueling und Viajes El Corte Ingl\u00e9s durchgef\u00fchrt. Dies wird die regelm\u00e4\u00dfigen Flugverbindungen mit all diesen St\u00e4dten nach Fuerteventura verst\u00e4rken und den Verkauf f\u00fcr die Wintersaison 2025\/26 ankurbeln. Weitere wichtige Fachveranstaltungen im Tourismuskalender von August bis Dezember 2025 sind die Distinguished Tourism Gala am 27. September in Antigua, der International Golf Travel Market (IGTM) in Cannes Ende Oktober, der World Travel Market in London Anfang November und die IBTM in Barcelona (f\u00fchrende Veranstaltung f\u00fcr die Meeting-, Incentive-, Kongress- und Eventbranche, MICE) Ende November. <\/p>\n<\/div>\n","protected":false},"excerpt":{"rendered":"<p>4. August, 2025 Im August f\u00fchrt Tourism in Helsinki, Stockholm und Kopenhagen professionelle Aktionen durch, um einen ruhigen Tourismus zu f\u00f6rdern, der sich um einen hochwertigen Service und eine nachhaltige [&hellip;]<\/p>\n","protected":false},"author":1,"featured_media":9214,"comment_status":"open","ping_status":"open","sticky":false,"template":"","format":"standard","meta":{"inline_featured_image":false,"jnews-multi-image_gallery":[],"jnews_single_post":[],"jnews_primary_category":[],"jnews_social_meta":[],"jnews_override_counter":[],"jnews_post_split":[],"footnotes":""},"categories":[287],"tags":[303,216],"class_list":["post-9217","post","type-post","status-publish","format-standard","has-post-thumbnail","hentry","category-cabildo-de","tag-eventos-de","tag-fuerteventura-de"],"jetpack_featured_media_url":"https:\/\/informacionlocal.es\/wp-content\/uploads\/2025\/08\/turismo.jpg","_links":{"self":[{"href":"https:\/\/informacionlocal.es\/de\/wp-json\/wp\/v2\/posts\/9217","targetHints":{"allow":["GET"]}}],"collection":[{"href":"https:\/\/informacionlocal.es\/de\/wp-json\/wp\/v2\/posts"}],"about":[{"href":"https:\/\/informacionlocal.es\/de\/wp-json\/wp\/v2\/types\/post"}],"author":[{"embeddable":true,"href":"https:\/\/informacionlocal.es\/de\/wp-json\/wp\/v2\/users\/1"}],"replies":[{"embeddable":true,"href":"https:\/\/informacionlocal.es\/de\/wp-json\/wp\/v2\/comments?post=9217"}],"version-history":[{"count":0,"href":"https:\/\/informacionlocal.es\/de\/wp-json\/wp\/v2\/posts\/9217\/revisions"}],"wp:featuredmedia":[{"embeddable":true,"href":"https:\/\/informacionlocal.es\/de\/wp-json\/wp\/v2\/media\/9214"}],"wp:attachment":[{"href":"https:\/\/informacionlocal.es\/de\/wp-json\/wp\/v2\/media?parent=9217"}],"wp:term":[{"taxonomy":"category","embeddable":true,"href":"https:\/\/informacionlocal.es\/de\/wp-json\/wp\/v2\/categories?post=9217"},{"taxonomy":"post_tag","embeddable":true,"href":"https:\/\/informacionlocal.es\/de\/wp-json\/wp\/v2\/tags?post=9217"}],"curies":[{"name":"wp","href":"https:\/\/api.w.org\/{rel}","templated":true}]}}