{"id":9165,"date":"2025-08-02T11:58:22","date_gmt":"2025-08-02T10:58:22","guid":{"rendered":"https:\/\/informacionlocal.es\/durchschlagender-erfolg-zum-auftakt-des-caleta-sound-fest\/"},"modified":"2025-08-02T11:58:22","modified_gmt":"2025-08-02T10:58:22","slug":"durchschlagender-erfolg-zum-auftakt-des-caleta-sound-fest","status":"publish","type":"post","link":"https:\/\/informacionlocal.es\/de\/durchschlagender-erfolg-zum-auftakt-des-caleta-sound-fest\/","title":{"rendered":"Durchschlagender Erfolg zum Auftakt des Caleta Sound Fest"},"content":{"rendered":"<div class=\"elementor-widget-container\">\n<p><strong>Durchschlagender Erfolg zum Auftakt des Caleta Sound Fest<\/strong><\/p>\n<p><strong>Mehr als 6.000 Menschen str\u00f6mten am Er\u00f6ffnungsabend des Festivals an die Playa del Castillo und \u00fcbertrafen damit alle Erwartungen.<\/strong><\/p>\n<p><strong>&#8211; Dieser historische Start festigt das Caleta Sound Fest als eines der wichtigsten musikalischen Ereignisse des Sommers auf Fuerteventura und den Kanarischen Inseln.<\/strong><\/p>\n<p>Die erste Neuauflage des Caleta Sound Fest, die am Freitag, den 1. August, am Strand von El Castillo stattfand, hat mit mehr als 6.000 Besuchern eine historische Besucherzahl erreicht und einen absoluten Rekord f\u00fcr die Er\u00f6ffnung des Festivals aufgestellt.<\/p>\n<p>Organisiert von der Stadtverwaltung Antiguas aus der Abteilung f\u00fcr Tourismus, sagt der B\u00fcrgermeister, Mat\u00edas Pe\u00f1a Garc\u00eda, haben wir es geschafft, nach f\u00fcnf Jahren der Abwesenheit der Beach Party mit einem neuen Format, modern und erneuert mit Caleta Sound Fest zu erholen.<\/p>\n<p>Vom ersten Moment an, f\u00fcgt die Stadtr\u00e4tin f\u00fcr Tourismus, Kristina Rodewig, Caleta Sound Fest begann in der besten Atmosph\u00e4re, ab 17:00 Uhr mit Auftritten von Alma Rebelde, Eclipse Reggae, Paradise &#8211; Tribute to Coldplay, und schloss die Nacht mit Luck Ra, einer der gr\u00f6\u00dften Vertreter der lateinamerikanischen Urban Pop, Abschluss dieser ersten Tag des Festivals, DJ Abi\u00e1n Reyes, die die Energie hoch bis in die fr\u00fchen Morgenstunden gehalten.<\/p>\n<p>Um diesen ungew\u00f6hnlichen Zustrom zu bew\u00e4ltigen, der die Erwartungen \u00fcbertraf und in der ersten Nacht mehr als 6.000 Besucher anlockte.Das Caleta Sound Fest verf\u00fcgt \u00fcber eine Hauptb\u00fchne mit getrennten Bereichen f\u00fcr das Publikum und f\u00fcr Personen mit eingeschr\u00e4nkter Mobilit\u00e4t, einen modernen gastronomischen Bereich, einen violetten Informationspunkt, einen breiten Zugang sowie verst\u00e4rkte Sicherheit durch die \u00f6rtliche Polizei von Antigua, die Guardia Civil, Feuerwehrleute, Krankenwagen und private Sicherheitsdienste, zu denen, so Rodewig, noch Nachttransportdienste, Taxis und erweiterte Busse hinzukommen, die die Mobilit\u00e4t der Besucher erleichtern.<\/p>\n<p>Das Festival wird am Samstag, dem 2. August, mit einem Programm fortgesetzt, das um 12:00 Uhr mittags beginnt und mehr als 12 Stunden lang Live-Musik bietet, darunter Aseres, Miss Band, Qu\u00e9 Chimba, Da Igual und der erwartete Abschlussauftritt von Chambao, gefolgt von DJ Supersonikka.<\/p>\n<\/p>\n<\/div>\n","protected":false},"excerpt":{"rendered":"<p><strong>Durchschlagender Erfolg zum Auftakt des Caleta Sound Fest<\/strong><\/p>\n","protected":false},"author":1,"featured_media":9161,"comment_status":"open","ping_status":"open","sticky":false,"template":"","format":"standard","meta":{"inline_featured_image":false,"jnews-multi-image_gallery":[],"jnews_single_post":[],"jnews_primary_category":[],"jnews_social_meta":[],"jnews_override_counter":[],"jnews_post_split":[],"footnotes":""},"categories":[283],"tags":[216],"class_list":["post-9165","post","type-post","status-publish","format-standard","has-post-thumbnail","hentry","category-antigua-de","tag-fuerteventura-de"],"jetpack_featured_media_url":"https:\/\/informacionlocal.es\/wp-content\/uploads\/2025\/08\/250701_sound_castillo-26-scaled-1.jpg","_links":{"self":[{"href":"https:\/\/informacionlocal.es\/de\/wp-json\/wp\/v2\/posts\/9165","targetHints":{"allow":["GET"]}}],"collection":[{"href":"https:\/\/informacionlocal.es\/de\/wp-json\/wp\/v2\/posts"}],"about":[{"href":"https:\/\/informacionlocal.es\/de\/wp-json\/wp\/v2\/types\/post"}],"author":[{"embeddable":true,"href":"https:\/\/informacionlocal.es\/de\/wp-json\/wp\/v2\/users\/1"}],"replies":[{"embeddable":true,"href":"https:\/\/informacionlocal.es\/de\/wp-json\/wp\/v2\/comments?post=9165"}],"version-history":[{"count":0,"href":"https:\/\/informacionlocal.es\/de\/wp-json\/wp\/v2\/posts\/9165\/revisions"}],"wp:featuredmedia":[{"embeddable":true,"href":"https:\/\/informacionlocal.es\/de\/wp-json\/wp\/v2\/media\/9161"}],"wp:attachment":[{"href":"https:\/\/informacionlocal.es\/de\/wp-json\/wp\/v2\/media?parent=9165"}],"wp:term":[{"taxonomy":"category","embeddable":true,"href":"https:\/\/informacionlocal.es\/de\/wp-json\/wp\/v2\/categories?post=9165"},{"taxonomy":"post_tag","embeddable":true,"href":"https:\/\/informacionlocal.es\/de\/wp-json\/wp\/v2\/tags?post=9165"}],"curies":[{"name":"wp","href":"https:\/\/api.w.org\/{rel}","templated":true}]}}