{"id":9140,"date":"2025-08-01T23:59:22","date_gmt":"2025-08-01T22:59:22","guid":{"rendered":"https:\/\/informacionlocal.es\/die-historikerin-inma-de-armas-wird-bei-den-fiestas-zu-ehren-der-virgen-de-la-pena-2025-den-ausrufer-spielen\/"},"modified":"2025-08-01T23:59:22","modified_gmt":"2025-08-01T22:59:22","slug":"die-historikerin-inma-de-armas-wird-bei-den-fiestas-zu-ehren-der-virgen-de-la-pena-2025-den-ausrufer-spielen","status":"publish","type":"post","link":"https:\/\/informacionlocal.es\/de\/die-historikerin-inma-de-armas-wird-bei-den-fiestas-zu-ehren-der-virgen-de-la-pena-2025-den-ausrufer-spielen\/","title":{"rendered":"Die Historikerin Inma de Armas wird bei den Fiestas zu Ehren der Virgen de La Pe\u00f1a 2025 den Ausrufer spielen."},"content":{"rendered":"<div class=\"entry-content\"><strong>1. August, 2025<\/strong><\/p>\n<p><em><strong>Eine Anerkennung f\u00fcr ein Leben, das der Forschung, der Bildung und der Erhaltung des Erbes von Majorero gewidmet ist<\/strong><\/em><\/p>\n<p>Die prominente Historikerin Inma de Armas wird die Fiestas zu Ehren der Virgen de La Pe\u00f1a 2025 ausrufen, eine der wichtigsten Veranstaltungen der Insel, die sich durch ihre tiefe religi\u00f6se und kulturelle Tradition auszeichnet.<\/p>\n<p>Die Pr\u00e4sidentin des Cabildo von Fuerteventura, Lola Garc\u00eda, und der Stadtrat f\u00fcr Kultur, Rayco Le\u00f3n, betonen diese wohlverdiente Anerkennung f\u00fcr den umfangreichen und bemerkenswerten Beitrag der Historikerin Inma de Armas zur kulturellen und historischen Entwicklung Fuerteventuras. Ein herausragender Fachmann, dessen Arbeit im Bereich der Kultur, der Bildung und der Erhaltung des kulturellen Erbes tiefe Spuren hinterlassen hat. <\/p>\n<p>Schon in ihren ersten Berufsjahren, zwischen 1982 und 1985, katalogisierte Inma de Armas das Historische Archiv der Insel und die Stadtbibliothek von Puerto del Rosario und legte damit den Grundstein f\u00fcr die dokumentarische und bibliografische Bewahrung auf der Insel. Im Jahr 1985 koordinierte sie das neue Projekt der Volksuniversit\u00e4t von Fuerteventura, eine wichtige Initiative zur Weiterbildung und kulturellen \u00d6ffnung f\u00fcr alle B\u00fcrger. <\/p>\n<p>Ihre Berufung f\u00fcr das Bildungswesen f\u00fchrte sie 1990 nach Lanzarote, wo sie als Lehrerin f\u00fcr Musikgeschichte an der Sekundarschule von Har\u00eda arbeitete. Im Jahr 1991 kehrte sie nach Fuerteventura zur\u00fcck, um in der Abteilung f\u00fcr Bildung und Kultur des Cabildo zu arbeiten. <\/p>\n<p>Anfang der 2000er Jahre wurde er der erste gemeinsame Leiter der Abteilung Bildung, Kultur und Sport des Inselrats. Mit der Umstrukturierung der Verwaltung wurde er dann bis 2022 alleiniger Leiter des Kulturdienstes, f\u00f6rderte zahlreiche Projekte und bereicherte die Kulturszene der Insel erheblich. <\/p>\n<p>Im Jahr 1995 koordinierte er die Er\u00f6ffnung und Inbetriebnahme des Casa Museo Miguel de Unamuno und entwickelte das Museumsprojekt in Zusammenarbeit mit Ignacio Hern\u00e1ndez D\u00edaz und Lorenzo Mateo Casta\u00f1eyra. Seine Forschungs- und Publikationst\u00e4tigkeit war sehr produktiv, unter anderem koordinierte er 2013 das Buch zum Gedenken an 100 Jahre seit der Gr\u00fcndung der Inselr\u00e4te und war Mitautor des Buches <em>100 a\u00f1os en la Memoria<\/em>, das von der Stadtverwaltung von Puerto del Rosario anl\u00e4sslich des neuen Jahrtausends ver\u00f6ffentlicht wurde. <\/p>\n<p>Im Jahr 2024, im Rahmen des hundertj\u00e4hrigen Jubil\u00e4ums der Ankunft von Miguel de Unamuno auf Fuerteventura, war sie die Kuratorin der Ausstellung, die derzeit im Casa Museo zu sehen ist. Parallel dazu hat De Armas wertvolle Nachforschungen \u00fcber Aquilino Fern\u00e1ndez angestellt, eine f\u00fchrende Figur in den Versammlungen, die Unamuno auf der Insel abhielt, ein Politiker von regionaler Bedeutung mit Verbindungen sowohl zu Lanzarote als auch zu Fuerteventura in den ersten Jahrzehnten des 20. <\/p>\n<p>Mit dieser Ehrung wird der unerm\u00fcdliche Einsatz von Inma de Armas f\u00fcr die Kultur und Geschichte Fuerteventuras gew\u00fcrdigt, deren Arbeit die kollektive Identit\u00e4t der Insel weiterhin bereichert.  <\/p>\n<\/div>\n","protected":false},"excerpt":{"rendered":"<p>1. August, 2025 Eine Anerkennung f\u00fcr ein Leben, das der Forschung, der Bildung und der Erhaltung des Erbes von Majorero gewidmet ist Die prominente Historikerin Inma de Armas wird die [&hellip;]<\/p>\n","protected":false},"author":1,"featured_media":9137,"comment_status":"open","ping_status":"open","sticky":false,"template":"","format":"standard","meta":{"inline_featured_image":false,"jnews-multi-image_gallery":[],"jnews_single_post":[],"jnews_primary_category":[],"jnews_social_meta":[],"jnews_override_counter":[],"jnews_post_split":[],"footnotes":""},"categories":[287],"tags":[306,392,303,216,391],"class_list":["post-9140","post","type-post","status-publish","format-standard","has-post-thumbnail","hentry","category-cabildo-de","tag-educacion-de","tag-erhaltung-des-kulturellen-erbes","tag-eventos-de","tag-fuerteventura-de","tag-geschichte"],"jetpack_featured_media_url":"https:\/\/informacionlocal.es\/wp-content\/uploads\/2025\/08\/fgfgfg.jpeg","_links":{"self":[{"href":"https:\/\/informacionlocal.es\/de\/wp-json\/wp\/v2\/posts\/9140","targetHints":{"allow":["GET"]}}],"collection":[{"href":"https:\/\/informacionlocal.es\/de\/wp-json\/wp\/v2\/posts"}],"about":[{"href":"https:\/\/informacionlocal.es\/de\/wp-json\/wp\/v2\/types\/post"}],"author":[{"embeddable":true,"href":"https:\/\/informacionlocal.es\/de\/wp-json\/wp\/v2\/users\/1"}],"replies":[{"embeddable":true,"href":"https:\/\/informacionlocal.es\/de\/wp-json\/wp\/v2\/comments?post=9140"}],"version-history":[{"count":0,"href":"https:\/\/informacionlocal.es\/de\/wp-json\/wp\/v2\/posts\/9140\/revisions"}],"wp:featuredmedia":[{"embeddable":true,"href":"https:\/\/informacionlocal.es\/de\/wp-json\/wp\/v2\/media\/9137"}],"wp:attachment":[{"href":"https:\/\/informacionlocal.es\/de\/wp-json\/wp\/v2\/media?parent=9140"}],"wp:term":[{"taxonomy":"category","embeddable":true,"href":"https:\/\/informacionlocal.es\/de\/wp-json\/wp\/v2\/categories?post=9140"},{"taxonomy":"post_tag","embeddable":true,"href":"https:\/\/informacionlocal.es\/de\/wp-json\/wp\/v2\/tags?post=9140"}],"curies":[{"name":"wp","href":"https:\/\/api.w.org\/{rel}","templated":true}]}}