{"id":9128,"date":"2025-08-01T22:06:22","date_gmt":"2025-08-01T21:06:22","guid":{"rendered":"https:\/\/informacionlocal.es\/herzlichen-glueckwunsch-an-die-obycat-gruppe-in-caleta-de-fuste-fuer-die-auszeichnung-mit-dem-goldenen-strand-in-destination-blue\/"},"modified":"2025-08-01T22:06:22","modified_gmt":"2025-08-01T21:06:22","slug":"herzlichen-glueckwunsch-an-die-obycat-gruppe-in-caleta-de-fuste-fuer-die-auszeichnung-mit-dem-goldenen-strand-in-destination-blue","status":"publish","type":"post","link":"https:\/\/informacionlocal.es\/de\/herzlichen-glueckwunsch-an-die-obycat-gruppe-in-caleta-de-fuste-fuer-die-auszeichnung-mit-dem-goldenen-strand-in-destination-blue\/","title":{"rendered":"Herzlichen Gl\u00fcckwunsch an die Obycat-Gruppe in Caleta de Fuste f\u00fcr die Auszeichnung mit dem Goldenen Strand in Destination Blue."},"content":{"rendered":"<div class=\"elementor-widget-container\">\n<p><strong>Herzlichen Gl\u00fcckwunsch an die Obycat-Gruppe in Caleta de Fuste f\u00fcr die Auszeichnung mit dem Goldenen Strand in Destination Blue.<\/strong><\/p>\n<p><strong>&#8211; Der Preis wird ihnen am 27. September anl\u00e4sslich des Welttourismustages \u00fcberreicht.<\/strong><\/p>\n<p>Der Stadtrat von Antigua hat die Katamaran-Ausflugsgruppe Obycat zusammen mit anderen Unternehmen dem Fremdenverkehrsamt f\u00fcr die Auszeichnungen des Fuerteventura-Tourismus 2025 vorgeschlagen, und wir freuen uns, diesem Unternehmen mit Sitz in Caleta de Fuste zum Erhalt der Auszeichnung &#8222;Goldene Str\u00e4nde&#8220; in der Kategorie &#8222;Blaue Destination&#8220; zu gratulieren, so der B\u00fcrgermeister Mat\u00edas Pe\u00f1a Garc\u00eda.<\/p>\n<p>Ein Unternehmen, das klein angefangen und sein Angebot und seine Standorte erweitert hat, sagt Mat\u00edas Pe\u00f1a. Es schafft Arbeitspl\u00e4tze, f\u00f6rdert den Respekt und den Schutz der Meere und setzt sich daf\u00fcr ein, inklusive und zug\u00e4ngliche Erlebnisse anzubieten, die einem internationalen und famili\u00e4ren Publikum gefallen.<\/p>\n<p>Die Auszeichnung wird ihnen am 27. September, dem Welttourismustag, \u00fcberreicht, eine Anerkennung, die wir f\u00fcr gerecht und notwendig halten, sagt die Stadtr\u00e4tin f\u00fcr Tourismus, Kristina Rodewig, angesichts ihres st\u00e4ndigen Wachstums und ihrer Expansion, ihres Engagements f\u00fcr die Umwelt, insbesondere f\u00fcr die Meeresumwelt, und ihrer Bereitschaft, bei \u00f6ffentlichen Veranstaltungen in Caleta de Fuste im Zusammenhang mit dem Yachthafen stets mitzuwirken.<\/p>\n<p>Seit ihrer Gr\u00fcndung im Jahr 2013 in Caleta de Fuste hat sich die Obycat Catamaran Group durch ihren innovativen und unverwechselbaren Ansatz hervorgetan, der es erm\u00f6glicht hat, das maritime und sportliche Freizeitangebot der Insel zu diversifizieren und zu bereichern.<\/p>\n<p>Die beispielhafte Entwicklung des Unternehmens von einem kleinen 12-Sitzer-Katamaran zu einer ganzen Flotte von Booten, touristischen U-Booten und umfassenden Landtransportdiensten zeige eine ehrgeizige und nachhaltige Vision, die die nat\u00fcrliche Umwelt respektiere und saubere Technologien und effiziente Schiffe einbeziehe, die ihre Auswirkungen minimierten und die Meeresumwelt respektierten.<\/p>\n<\/p>\n<\/div>\n","protected":false},"excerpt":{"rendered":"<p><strong>Herzlichen Gl\u00fcckwunsch an die Obycat-Gruppe in Caleta de Fuste f\u00fcr die Auszeichnung mit dem Goldenen Strand in Destination Blue.<\/strong><\/p>\n","protected":false},"author":1,"featured_media":9125,"comment_status":"open","ping_status":"open","sticky":false,"template":"","format":"standard","meta":{"inline_featured_image":false,"jnews-multi-image_gallery":[],"jnews_single_post":[],"jnews_primary_category":[],"jnews_social_meta":[],"jnews_override_counter":[],"jnews_post_split":[],"footnotes":""},"categories":[283],"tags":[303,216,199],"class_list":["post-9128","post","type-post","status-publish","format-standard","has-post-thumbnail","hentry","category-antigua-de","tag-eventos-de","tag-fuerteventura-de","tag-umwelt"],"jetpack_featured_media_url":"https:\/\/informacionlocal.es\/wp-content\/uploads\/2025\/08\/j-perez-lima-representante-obycat-con-el-alcalde-de-antigua-y-la-concejala-de-turismo-en-fitur-25-scaled-1.jpg","_links":{"self":[{"href":"https:\/\/informacionlocal.es\/de\/wp-json\/wp\/v2\/posts\/9128","targetHints":{"allow":["GET"]}}],"collection":[{"href":"https:\/\/informacionlocal.es\/de\/wp-json\/wp\/v2\/posts"}],"about":[{"href":"https:\/\/informacionlocal.es\/de\/wp-json\/wp\/v2\/types\/post"}],"author":[{"embeddable":true,"href":"https:\/\/informacionlocal.es\/de\/wp-json\/wp\/v2\/users\/1"}],"replies":[{"embeddable":true,"href":"https:\/\/informacionlocal.es\/de\/wp-json\/wp\/v2\/comments?post=9128"}],"version-history":[{"count":0,"href":"https:\/\/informacionlocal.es\/de\/wp-json\/wp\/v2\/posts\/9128\/revisions"}],"wp:featuredmedia":[{"embeddable":true,"href":"https:\/\/informacionlocal.es\/de\/wp-json\/wp\/v2\/media\/9125"}],"wp:attachment":[{"href":"https:\/\/informacionlocal.es\/de\/wp-json\/wp\/v2\/media?parent=9128"}],"wp:term":[{"taxonomy":"category","embeddable":true,"href":"https:\/\/informacionlocal.es\/de\/wp-json\/wp\/v2\/categories?post=9128"},{"taxonomy":"post_tag","embeddable":true,"href":"https:\/\/informacionlocal.es\/de\/wp-json\/wp\/v2\/tags?post=9128"}],"curies":[{"name":"wp","href":"https:\/\/api.w.org\/{rel}","templated":true}]}}