{"id":9116,"date":"2025-08-01T21:08:07","date_gmt":"2025-08-01T20:08:07","guid":{"rendered":"https:\/\/informacionlocal.es\/mit-beginn-der-olivenernte-stellt-das-cabildo-seinen-olivenmuehlen-service-zur-verfuegung\/"},"modified":"2025-08-01T21:08:07","modified_gmt":"2025-08-01T20:08:07","slug":"mit-beginn-der-olivenernte-stellt-das-cabildo-seinen-olivenmuehlen-service-zur-verfuegung","status":"publish","type":"post","link":"https:\/\/informacionlocal.es\/de\/mit-beginn-der-olivenernte-stellt-das-cabildo-seinen-olivenmuehlen-service-zur-verfuegung\/","title":{"rendered":"Mit Beginn der Olivenernte stellt das Cabildo seinen Olivenm\u00fchlen-Service zur Verf\u00fcgung."},"content":{"rendered":"<div class=\"entry-content\"><strong>1. August, 2025<\/strong><\/p>\n<p>Das Cabildo von Fuerteventura bietet den Olivenbauern den Service der Olivenm\u00fchle f\u00fcr die Herstellung von Oliven\u00f6l an. Die Inselgesellschaft k\u00fcndigt \u00fcber die Versuchsfarm Pozo Negro, die dem Ministerium f\u00fcr Landwirtschaft, Viehzucht und Fischerei untersteht, an, dass die M\u00fchle f\u00fcr die Kampagne 2025 am 4. August er\u00f6ffnet wird. <\/p>\n<p>Interessierte sollten im Voraus einen Termin in der Granja de Pozo Negro unter der Telefonnummer 928 87 86 25 vereinbaren, um den Service richtig zu planen. In diesem Antrag muss der Landwirt \u00fcber die Bedingungen f\u00fcr die Lieferung der Oliven und des \u00d6ls informiert werden. <\/p>\n<p>Die Pr\u00e4sidentin des Cabildo, Lola Garc\u00eda, und der Stadtrat f\u00fcr Landwirtschaft, Viehzucht und Fischerei, Mat\u00edas Pe\u00f1a, sind den Olivenbauern Fuerteventuras dankbar f\u00fcr ihre Bem\u00fchungen, die Jahr f\u00fcr Jahr die Exzellenz eines Majorero-Produkts aufrechterhalten, das sowohl auf der Insel als auch au\u00dferhalb immer mehr Anerkennung findet.<\/p>\n<p><strong>Bedingungen f\u00fcr die Lieferung der Oliven:<\/strong><\/p>\n<p>&#8211; Die auf dem Olivenbeleg unterzeichneten Angaben m\u00fcssen der Wahrheit entsprechen.<\/p>\n<p>&#8211; Die Parzellen sind mit ihrer SIGPAC-Referenz (Polygon, Parzelle und Anlage) zu kennzeichnen.<\/p>\n<p>&#8211; Die Mindestmenge, die ein Landwirt erhalten muss, betr\u00e4gt 100 kg und richtet sich nach den Empfehlungen des Maschinenparks der M\u00fchle.<\/p>\n<p>&#8211; Die Lieferung erfolgt in Kisten oder anderen (atmungsaktiven) Beh\u00e4ltern mit einem Gewicht von h\u00f6chstens 20 Kilogramm.<\/p>\n<p>&#8211; Die Oliven m\u00fcssen frei von Bl\u00e4ttern und sichtbaren Verunreinigungen geliefert werden.<\/p>\n<p>&#8211; Der Sicherheitszeitraum f\u00fcr zugelassene Pflanzenschutzmittel muss eingehalten werden.<\/p>\n<p>&#8211; Partien von Oliven, die mit nicht zugelassenen Pflanzenschutzmitteln behandelt wurden, werden zur\u00fcckgewiesen.<\/p>\n<p>&#8211; Partien von Oliven, die mit zugelassenen Pflanzenschutzmitteln behandelt wurden, aber die zul\u00e4ssigen Sicherheitsfristen nicht einhalten, werden zur\u00fcckgewiesen.<\/p>\n<\/div>\n","protected":false},"excerpt":{"rendered":"<p>1. August, 2025 Das Cabildo von Fuerteventura bietet den Olivenbauern den Service der Olivenm\u00fchle f\u00fcr die Herstellung von Oliven\u00f6l an. Die Inselgesellschaft k\u00fcndigt \u00fcber die Versuchsfarm Pozo Negro, die dem [&hellip;]<\/p>\n","protected":false},"author":1,"featured_media":9113,"comment_status":"open","ping_status":"open","sticky":false,"template":"","format":"standard","meta":{"inline_featured_image":false,"jnews-multi-image_gallery":[],"jnews_single_post":[],"jnews_primary_category":[],"jnews_social_meta":[],"jnews_override_counter":[],"jnews_post_split":[],"footnotes":""},"categories":[287],"tags":[216,387],"class_list":["post-9116","post","type-post","status-publish","format-standard","has-post-thumbnail","hentry","category-cabildo-de","tag-fuerteventura-de","tag-landwirtschaft"],"jetpack_featured_media_url":"https:\/\/informacionlocal.es\/wp-content\/uploads\/2025\/08\/eef.jpeg","_links":{"self":[{"href":"https:\/\/informacionlocal.es\/de\/wp-json\/wp\/v2\/posts\/9116","targetHints":{"allow":["GET"]}}],"collection":[{"href":"https:\/\/informacionlocal.es\/de\/wp-json\/wp\/v2\/posts"}],"about":[{"href":"https:\/\/informacionlocal.es\/de\/wp-json\/wp\/v2\/types\/post"}],"author":[{"embeddable":true,"href":"https:\/\/informacionlocal.es\/de\/wp-json\/wp\/v2\/users\/1"}],"replies":[{"embeddable":true,"href":"https:\/\/informacionlocal.es\/de\/wp-json\/wp\/v2\/comments?post=9116"}],"version-history":[{"count":0,"href":"https:\/\/informacionlocal.es\/de\/wp-json\/wp\/v2\/posts\/9116\/revisions"}],"wp:featuredmedia":[{"embeddable":true,"href":"https:\/\/informacionlocal.es\/de\/wp-json\/wp\/v2\/media\/9113"}],"wp:attachment":[{"href":"https:\/\/informacionlocal.es\/de\/wp-json\/wp\/v2\/media?parent=9116"}],"wp:term":[{"taxonomy":"category","embeddable":true,"href":"https:\/\/informacionlocal.es\/de\/wp-json\/wp\/v2\/categories?post=9116"},{"taxonomy":"post_tag","embeddable":true,"href":"https:\/\/informacionlocal.es\/de\/wp-json\/wp\/v2\/tags?post=9116"}],"curies":[{"name":"wp","href":"https:\/\/api.w.org\/{rel}","templated":true}]}}