{"id":9104,"date":"2025-08-01T20:08:12","date_gmt":"2025-08-01T19:08:12","guid":{"rendered":"https:\/\/informacionlocal.es\/tetir-begeht-den-100-jahrestag-seines-zusammenschlusses-mit-puerto-cabras-mit-einer-emotionalen-und-historischen-veranstaltung\/"},"modified":"2025-08-01T20:08:12","modified_gmt":"2025-08-01T19:08:12","slug":"tetir-begeht-den-100-jahrestag-seines-zusammenschlusses-mit-puerto-cabras-mit-einer-emotionalen-und-historischen-veranstaltung","status":"publish","type":"post","link":"https:\/\/informacionlocal.es\/de\/tetir-begeht-den-100-jahrestag-seines-zusammenschlusses-mit-puerto-cabras-mit-einer-emotionalen-und-historischen-veranstaltung\/","title":{"rendered":"Tetir begeht den 100. Jahrestag seines Zusammenschlusses mit Puerto Cabras mit einer emotionalen und historischen Veranstaltung."},"content":{"rendered":"<div class=\"entry-content\">\n<p>Im Rahmen der Fiestas de Santo Domingo de Guzm\u00e1n erlebte Tetir am vergangenen Mittwoch, dem 30. Juli, einen unvergesslichen Tag anl\u00e4sslich des hundertj\u00e4hrigen Jubil\u00e4ums des Zusammenschlusses von Puerto Cabras und Tetir, einer Vereinigung, die ein Jahrhundert gemeinsamer Geschichte, Identit\u00e4t und gemeinsamer Wurzeln markiert.<\/p>\n<p>Das Kulturzentrum von Tetir war Schauplatz der Gedenkveranstaltung, die um 20.00 Uhr mit dem Runden Tisch &#8222;Puerto Cabras &#8211; Tetir: 100 Jahre Fusion&#8220; begann, der von der Nachbarschaftsvereinigung Vega de Tetir San Andr\u00e9s mit Unterst\u00fctzung des Rathauses von Puerto del Rosario durch dessen Kulturabteilung organisiert wurde.<\/p>\n<p>Einer der H\u00f6hepunkte war die Rede des B\u00fcrgermeisters von Puerto del Rosario, David de Vera, der sagte: &#8222;Dieses hundertj\u00e4hrige Jubil\u00e4um in Tetir zu feiern, erf\u00fcllt uns mit Stolz. Diese Stadt hat es geschafft, ihre Identit\u00e4t, ihre Tradition und ihre Gastfreundschaft am Leben zu erhalten. Wir werden weiterhin Veranstaltungen wie diese unterst\u00fctzen, die unser Erbe und unser kollektives Ged\u00e4chtnis st\u00e4rken&#8220;.<\/p>\n<p>Der Stadtrat f\u00fcr Kultur, Juan Manuel Verdugo, er\u00f6ffnete die Veranstaltung und hob hervor, wie wichtig es ist, mit Stolz auf die Vergangenheit und mit Verantwortung auf die Zukunft zu blicken&#8220;, und w\u00fcrdigte den Wert, den St\u00e4dte wie Tetir zum Wachstum und zur Identit\u00e4t der Hauptstadt Mallorcas beigetragen haben.<\/p>\n<p>Im Rahmen des Abends wurde ein Video als Hommage an Tetir gezeigt, gefolgt von einem bereichernden Gespr\u00e4ch, das von Marusa Hern\u00e1ndez moderiert wurde und an dem Sayo Cerde\u00f1a, Paco Cerde\u00f1a und Carlos Vera teilnahmen, drei Pers\u00f6nlichkeiten der lokalen Kultur und Geschichte. Der offizielle Chronist Fuerteventuras, Tero Brito, analysierte die Bedeutung dieses hundertj\u00e4hrigen Zusammenschlusses und seine Auswirkungen auf die Entwicklung der Gemeinde eingehend. <\/p>\n<p>Der Tag endete mit einer musikalischen Gedenkveranstaltung ab 21:00 Uhr, an der der Folkloreverein von Tetir und die Liedermacher Ayla, Julia und Pedro Umpi\u00e9rrez teilnahmen, die einem Abend voller Symbolik und Gef\u00fchl eine Stimme gaben.<\/p>\n<p>Das Rathaus von Puerto del Rosario ist besonders dankbar f\u00fcr die Bem\u00fchungen der Nachbarschaftsvereinigung Vega de Tetir San Andr\u00e9s, die Traditionen lebendig zu halten und eine Veranstaltung zu organisieren, die die Vergangenheit ehrt, die Gegenwart st\u00e4rkt und die Zukunft projiziert.<\/p>\n<\/div>\n","protected":false},"excerpt":{"rendered":"<p>Im Rahmen der Fiestas de Santo Domingo de Guzm\u00e1n erlebte Tetir am vergangenen Mittwoch, dem 30. Juli, einen unvergesslichen Tag anl\u00e4sslich des hundertj\u00e4hrigen Jubil\u00e4ums des Zusammenschlusses von Puerto Cabras und [&hellip;]<\/p>\n","protected":false},"author":1,"featured_media":9101,"comment_status":"open","ping_status":"open","sticky":false,"template":"","format":"standard","meta":{"inline_featured_image":false,"jnews-multi-image_gallery":[],"jnews_single_post":[],"jnews_primary_category":[],"jnews_social_meta":[],"jnews_override_counter":[],"jnews_post_split":[],"footnotes":""},"categories":[293],"tags":[],"class_list":["post-9104","post","type-post","status-publish","format-standard","has-post-thumbnail","hentry","category-puerto-del-rosario-de"],"jetpack_featured_media_url":"https:\/\/informacionlocal.es\/wp-content\/uploads\/2025\/08\/100-tetir-alcaldeverdugo-y-homenaje.jpg","_links":{"self":[{"href":"https:\/\/informacionlocal.es\/de\/wp-json\/wp\/v2\/posts\/9104","targetHints":{"allow":["GET"]}}],"collection":[{"href":"https:\/\/informacionlocal.es\/de\/wp-json\/wp\/v2\/posts"}],"about":[{"href":"https:\/\/informacionlocal.es\/de\/wp-json\/wp\/v2\/types\/post"}],"author":[{"embeddable":true,"href":"https:\/\/informacionlocal.es\/de\/wp-json\/wp\/v2\/users\/1"}],"replies":[{"embeddable":true,"href":"https:\/\/informacionlocal.es\/de\/wp-json\/wp\/v2\/comments?post=9104"}],"version-history":[{"count":0,"href":"https:\/\/informacionlocal.es\/de\/wp-json\/wp\/v2\/posts\/9104\/revisions"}],"wp:featuredmedia":[{"embeddable":true,"href":"https:\/\/informacionlocal.es\/de\/wp-json\/wp\/v2\/media\/9101"}],"wp:attachment":[{"href":"https:\/\/informacionlocal.es\/de\/wp-json\/wp\/v2\/media?parent=9104"}],"wp:term":[{"taxonomy":"category","embeddable":true,"href":"https:\/\/informacionlocal.es\/de\/wp-json\/wp\/v2\/categories?post=9104"},{"taxonomy":"post_tag","embeddable":true,"href":"https:\/\/informacionlocal.es\/de\/wp-json\/wp\/v2\/tags?post=9104"}],"curies":[{"name":"wp","href":"https:\/\/api.w.org\/{rel}","templated":true}]}}