{"id":9092,"date":"2025-08-01T18:59:15","date_gmt":"2025-08-01T17:59:15","guid":{"rendered":"https:\/\/informacionlocal.es\/pajara-bedauert-die-von-fuertcan-s-l-auferlegten-zugangsbeschraenkungen-zur-entsalzungsanlage-costa-calma\/"},"modified":"2025-08-01T18:59:15","modified_gmt":"2025-08-01T17:59:15","slug":"pajara-bedauert-die-von-fuertcan-s-l-auferlegten-zugangsbeschraenkungen-zur-entsalzungsanlage-costa-calma","status":"publish","type":"post","link":"https:\/\/informacionlocal.es\/de\/pajara-bedauert-die-von-fuertcan-s-l-auferlegten-zugangsbeschraenkungen-zur-entsalzungsanlage-costa-calma\/","title":{"rendered":"P\u00e1jara bedauert die von Fuertcan S.L. auferlegten Zugangsbeschr\u00e4nkungen zur Entsalzungsanlage Costa Calma."},"content":{"rendered":"<div class=\"entry-content\">\n<p><b><i>Der Stadtrat k\u00fcndigt an, dass er weiterhin darauf hinarbeiten wird, die Wasserversorgung so bald wie m\u00f6glich auszuschreiben.<\/i><\/b><\/p>\n<p><span>Die Stadtverwaltung von P\u00e1jara hat vor kurzem ein Gerichtsurteil erhalten, das ihr den Zugang zur Entsalzungsanlage in Costa Calma gestattet, um die notwendigen Informationen f\u00fcr die Fortsetzung des Ausschreibungsverfahrens f\u00fcr die Wasserversorgung zu erhalten.  <\/span><\/p>\n<p><span>Trotz dieser Genehmigung konnte sich der st\u00e4dtische Techniker gestern jedoch keinen Zugang zu den Anlagen verschaffen, da sich die Verwaltungsgruppe Fuertcan S.L. weigerte.<\/span><\/p>\n<p><span>Die Regierungsfraktion bedauert diese Situation, die es schwierig macht, den aktuellen Zustand der Entsalzungsanlage zu bewerten und den Vertragsprozess einzuleiten, um den zuk\u00fcnftigen Vertrag f\u00fcr die Erbringung der Dienstleistung angemessen zu dimensionieren. Der Stadtrat bekr\u00e4ftigt, dass er stets eine Haltung des Dialogs und der Suche nach L\u00f6sungen beibehalten hat, die das allgemeine Interesse der B\u00fcrger gew\u00e4hrleisten.   <\/span><\/p>\n<p><span>Das Konsistorium unterstreicht die Bedeutung der Zusammenarbeit mit Fuertcan S.L. bei der Erleichterung des Zugangs zur Infrastruktur mit dem Ziel, die wesentlichen \u00f6ffentlichen Dienstleistungen weiter zu verbessern und eine effiziente, sichere und den Bed\u00fcrfnissen der Einwohner von Costa Calma angepasste Wasserversorgung zu gew\u00e4hrleisten.<\/span><\/p>\n<\/div>\n","protected":false},"excerpt":{"rendered":"<p><i>Der Stadtrat k\u00fcndigt an, dass er weiterhin darauf hinarbeiten wird, die Wasserversorgung so bald wie m\u00f6glich auszuschreiben.<\/i><\/p>\n","protected":false},"author":1,"featured_media":9089,"comment_status":"open","ping_status":"open","sticky":false,"template":"","format":"standard","meta":{"inline_featured_image":false,"jnews-multi-image_gallery":[],"jnews_single_post":[],"jnews_primary_category":[],"jnews_social_meta":[],"jnews_override_counter":[],"jnews_post_split":[],"footnotes":""},"categories":[297],"tags":[197],"class_list":["post-9092","post","type-post","status-publish","format-standard","has-post-thumbnail","hentry","category-pajara-de","tag-offentliche-dienste"],"jetpack_featured_media_url":"https:\/\/informacionlocal.es\/wp-content\/uploads\/2025\/08\/costa-calma-e1754059629517.png","_links":{"self":[{"href":"https:\/\/informacionlocal.es\/de\/wp-json\/wp\/v2\/posts\/9092","targetHints":{"allow":["GET"]}}],"collection":[{"href":"https:\/\/informacionlocal.es\/de\/wp-json\/wp\/v2\/posts"}],"about":[{"href":"https:\/\/informacionlocal.es\/de\/wp-json\/wp\/v2\/types\/post"}],"author":[{"embeddable":true,"href":"https:\/\/informacionlocal.es\/de\/wp-json\/wp\/v2\/users\/1"}],"replies":[{"embeddable":true,"href":"https:\/\/informacionlocal.es\/de\/wp-json\/wp\/v2\/comments?post=9092"}],"version-history":[{"count":0,"href":"https:\/\/informacionlocal.es\/de\/wp-json\/wp\/v2\/posts\/9092\/revisions"}],"wp:featuredmedia":[{"embeddable":true,"href":"https:\/\/informacionlocal.es\/de\/wp-json\/wp\/v2\/media\/9089"}],"wp:attachment":[{"href":"https:\/\/informacionlocal.es\/de\/wp-json\/wp\/v2\/media?parent=9092"}],"wp:term":[{"taxonomy":"category","embeddable":true,"href":"https:\/\/informacionlocal.es\/de\/wp-json\/wp\/v2\/categories?post=9092"},{"taxonomy":"post_tag","embeddable":true,"href":"https:\/\/informacionlocal.es\/de\/wp-json\/wp\/v2\/tags?post=9092"}],"curies":[{"name":"wp","href":"https:\/\/api.w.org\/{rel}","templated":true}]}}