{"id":9081,"date":"2025-08-01T18:03:04","date_gmt":"2025-08-01T17:03:04","guid":{"rendered":"https:\/\/informacionlocal.es\/la-oliva-verbessert-die-kommandostruktur-der-lokalen-polizei-mit-5-neuen-beamten\/"},"modified":"2025-08-01T18:03:04","modified_gmt":"2025-08-01T17:03:04","slug":"la-oliva-verbessert-die-kommandostruktur-der-lokalen-polizei-mit-5-neuen-beamten","status":"publish","type":"post","link":"https:\/\/informacionlocal.es\/de\/la-oliva-verbessert-die-kommandostruktur-der-lokalen-polizei-mit-5-neuen-beamten\/","title":{"rendered":"La Oliva verbessert die Kommandostruktur der lokalen Polizei mit 5 neuen Beamten"},"content":{"rendered":"<p>Die Stadtverwaltung von La Oliva hat \u00fcber die Abteilung f\u00fcr \u00f6ffentliche Sicherheit unter der Leitung von B\u00fcrgermeister Isa\u00ed Blanco und in Zusammenarbeit mit der Personalabteilung unter der Leitung von Alexandra Mart\u00edn den Prozess der internen Bef\u00f6rderung der \u00f6rtlichen Polizei mit der Ernennung von 5 neuen Beamten abgeschlossen. Die neuen Beamten werden es erm\u00f6glichen, eines der vorrangigsten Ziele der Regierungsgruppe fortzusetzen, n\u00e4mlich die Sicherheit aller Einwohner und Besucher der Gemeinde.   <\/p>\n<p>In diesem Sinne stellt diese Verbesserung eine bedeutende Ver\u00e4nderung in der Struktur dieser Sicherheitskr\u00e4fte und Korps dar, da nun insgesamt 5 neue Beamte das Kommando \u00fcber die lokale Polizei haben. Diese Ma\u00dfnahme kommt zu dem laufenden Auswahlverfahren hinzu, in das 12 neue Beamte aufgenommen werden, so dass die Gesamtzahl der Beamten auf 49 ansteigt, verglichen mit den 31, die die Polizei zu Beginn der Legislaturperiode hatte. Hinzu kommen Verbesserungen wie die Installation von \u00dcberwachungskameras, die Eingliederung der Drohneneinheit und der Hundestaffel sowie die R\u00fcckgewinnung der UMA-Beamten.    <\/p>\n<p>Der B\u00fcrgermeister von La Oliva und Verantwortliche f\u00fcr die \u00f6ffentliche Sicherheit, Isa\u00ed Blanco, unterstreicht die Bedeutung der neuen Stellen in der Ortspolizei: &#8222;Mit diesen 5 neuen Beamten setzen wir das Engagement fort, das wir von der Regierungsgruppe erhalten, um die Sicherheit f\u00fcr alle Einwohner und Besucher unserer Gemeinde zu verbessern. Unser Ziel ist es, auch weiterhin neue Beamte einzustellen, um das derzeitige Personal zu erg\u00e4nzen, das zusammen mit den neuen Ma\u00dfnahmen die Sicherheit aller B\u00fcrger gew\u00e4hrleistet&#8220;.<\/p>\n<p>Die Stadtr\u00e4tin f\u00fcr Personal, Alexandra Mart\u00edn, sagte: &#8222;Heute ist ein wichtiger Tag f\u00fcr die Ortspolizei von La Oliva und f\u00fcr alle unsere Nachbarn. Die neuen Beamten, die das interne Auswahlverfahren erfolgreich durchlaufen haben, werden dazu beitragen, die Sicherheit in unserer Gemeinde zu st\u00e4rken und den B\u00fcrgern weiterhin einen hochwertigen Service zu bieten&#8220;.  <\/p>\n<p>Diese Ma\u00dfnahme entspricht dem Wunsch der lokalen Regierung, die Sicherheit in der Gemeinde weiter zu verbessern, die Pr\u00e4senz der Beamten zu erh\u00f6hen und so das Wohlergehen aller B\u00fcrger zu gew\u00e4hrleisten.<\/p>\n","protected":false},"excerpt":{"rendered":"<p><span>Das Konsistorium h\u00e4lt an seinem Engagement f\u00fcr die Verbesserung der \u00f6ffentlichen Sicherheit in der Gemeinde fest<\/span><\/p>\n","protected":false},"author":1,"featured_media":9077,"comment_status":"open","ping_status":"open","sticky":false,"template":"","format":"standard","meta":{"inline_featured_image":false,"jnews-multi-image_gallery":[],"jnews_single_post":[],"jnews_primary_category":[],"jnews_social_meta":[],"jnews_override_counter":[],"jnews_post_split":[],"footnotes":""},"categories":[291],"tags":[383],"class_list":["post-9081","post","type-post","status-publish","format-standard","has-post-thumbnail","hentry","category-la-oliva-de","tag-burgerliche-sicherheit"],"jetpack_featured_media_url":"https:\/\/informacionlocal.es\/wp-content\/uploads\/2025\/08\/5229_8f4b5610.png","_links":{"self":[{"href":"https:\/\/informacionlocal.es\/de\/wp-json\/wp\/v2\/posts\/9081","targetHints":{"allow":["GET"]}}],"collection":[{"href":"https:\/\/informacionlocal.es\/de\/wp-json\/wp\/v2\/posts"}],"about":[{"href":"https:\/\/informacionlocal.es\/de\/wp-json\/wp\/v2\/types\/post"}],"author":[{"embeddable":true,"href":"https:\/\/informacionlocal.es\/de\/wp-json\/wp\/v2\/users\/1"}],"replies":[{"embeddable":true,"href":"https:\/\/informacionlocal.es\/de\/wp-json\/wp\/v2\/comments?post=9081"}],"version-history":[{"count":0,"href":"https:\/\/informacionlocal.es\/de\/wp-json\/wp\/v2\/posts\/9081\/revisions"}],"wp:featuredmedia":[{"embeddable":true,"href":"https:\/\/informacionlocal.es\/de\/wp-json\/wp\/v2\/media\/9077"}],"wp:attachment":[{"href":"https:\/\/informacionlocal.es\/de\/wp-json\/wp\/v2\/media?parent=9081"}],"wp:term":[{"taxonomy":"category","embeddable":true,"href":"https:\/\/informacionlocal.es\/de\/wp-json\/wp\/v2\/categories?post=9081"},{"taxonomy":"post_tag","embeddable":true,"href":"https:\/\/informacionlocal.es\/de\/wp-json\/wp\/v2\/tags?post=9081"}],"curies":[{"name":"wp","href":"https:\/\/api.w.org\/{rel}","templated":true}]}}