{"id":9044,"date":"2025-08-01T15:02:06","date_gmt":"2025-08-01T14:02:06","guid":{"rendered":"https:\/\/informacionlocal.es\/im-anschluss-an-die-cultural-summer-camps-finden-zahlreiche-aktivitaeten-und-workshops-fuer-kinder-statt\/"},"modified":"2025-08-01T15:02:06","modified_gmt":"2025-08-01T14:02:06","slug":"im-anschluss-an-die-cultural-summer-camps-finden-zahlreiche-aktivitaeten-und-workshops-fuer-kinder-statt","status":"publish","type":"post","link":"https:\/\/informacionlocal.es\/de\/im-anschluss-an-die-cultural-summer-camps-finden-zahlreiche-aktivitaeten-und-workshops-fuer-kinder-statt\/","title":{"rendered":"Im Anschluss an die Cultural Summer Camps finden zahlreiche Aktivit\u00e4ten und Workshops f\u00fcr Kinder statt."},"content":{"rendered":"<div class=\"elementor-widget-container\">\n<p><strong>Im Anschluss an die Cultural Summer Camps finden zahlreiche Aktivit\u00e4ten und Workshops f\u00fcr Kinder statt.<\/strong><\/p>\n<p><strong>&#8211; Die Kulturzentren verst\u00e4rken ihre Programme mit Workshops, Kursen und Spielen f\u00fcr Kinder in jedem Dorf.  <\/strong><br \/><strong>&#8211; Am Montag, den 4. August von 10:00 bis 11:30 Uhr findet in der Stadtbibliothek von Antigua eine Lesewerkstatt f\u00fcr Kinder im Alter von 6 bis 10 Jahren statt.<\/strong><\/p>\n<p>Am Freitag, dem 1. August, nahmen der B\u00fcrgermeister von Antigua, Mat\u00edas Pe\u00f1a, und der Stadtrat f\u00fcr Kultur, Jonathan Pe\u00f1a, an der Abschlussparty des Kultursommerlagers in Antigua teil. Etwa drei\u00dfig Kinder nahmen daran teil und hatten Spa\u00df an Choreographien, rhythmischer Percussion auf dem Platz, Spielen im Zusammenhang mit Theater oder Inszenierung und sogar am Mixen von Sounds im besten DJ-Stil.<\/p>\n<p>Die kulturellen Sommercamps waren ein Erfolg in Bezug auf die Einschreibung und die Freude der Teilnehmer, sagt der Stadtrat, Jonathan Pe\u00f1a, dessen Tr\u00e4gheit der Aktivit\u00e4ten und Spa\u00df wird in den Aktivit\u00e4ten und Spiele in den Kulturzentren und in der Stadtbibliothek von Antigua programmiert fortsetzen.<\/p>\n<p>Einige der angebotenen Aktivit\u00e4ten in Caleta de Fuste sind die Kinderdisco am 8. August ab 17.30 Uhr f\u00fcr Kinder ab 5 Jahren, das Basteln von Meerestieren am 13. August ab 18.30 Uhr, Kreativit\u00e4t auf Leinwand f\u00fcr Kinder ab 15 Jahren am 21. August ab 18.30 Uhr und ein Nachmittag mit musikalischen Geschichten f\u00fcr die J\u00fcngsten von 2 bis 4 Jahren am 26. August ab 17.30 Uhr.<\/p>\n<p>In der Stadtbibliothek von Antigua finden am kommenden Montag, dem 4. August, ab 10.00 Uhr, Kinderlesungen f\u00fcr 6- bis 10-J\u00e4hrige, am 6. August Geschichten zum Erz\u00e4hlen, am Freitag, dem 8. August, ein Bastelworkshop, am Montag, dem 11. und Mittwoch, dem 13. August, lustige englische Tage, am 18. ein kreativer Kunstworkshop und am 25. August traditionelle Spiele statt.<\/p>\n<p>Jedes Kulturzentrum in jedem Dorf bietet ein intensives und vielf\u00e4ltiges kulturelles Angebot, wobei alle Workshops, Spiele und Dienstleistungen kostenlos sind, erinnert Stadtrat Jonathan Pe\u00f1a.<\/p>\n<\/div>\n","protected":false},"excerpt":{"rendered":"<p><strong>Im Anschluss an die Cultural Summer Camps finden zahlreiche Aktivit\u00e4ten und Workshops f\u00fcr Kinder statt.<\/strong><\/p>\n","protected":false},"author":1,"featured_media":9041,"comment_status":"open","ping_status":"open","sticky":false,"template":"","format":"standard","meta":{"inline_featured_image":false,"jnews-multi-image_gallery":[],"jnews_single_post":[],"jnews_primary_category":[],"jnews_social_meta":[],"jnews_override_counter":[],"jnews_post_split":[],"footnotes":""},"categories":[283],"tags":[],"class_list":["post-9044","post","type-post","status-publish","format-standard","has-post-thumbnail","hentry","category-antigua-de"],"jetpack_featured_media_url":"https:\/\/informacionlocal.es\/wp-content\/uploads\/2025\/08\/a-los-campamentos-culturales-de-verano-le-siguen-numerosas-actividades-y-talleres-en-los-centros-3-scaled-1.jpg","_links":{"self":[{"href":"https:\/\/informacionlocal.es\/de\/wp-json\/wp\/v2\/posts\/9044","targetHints":{"allow":["GET"]}}],"collection":[{"href":"https:\/\/informacionlocal.es\/de\/wp-json\/wp\/v2\/posts"}],"about":[{"href":"https:\/\/informacionlocal.es\/de\/wp-json\/wp\/v2\/types\/post"}],"author":[{"embeddable":true,"href":"https:\/\/informacionlocal.es\/de\/wp-json\/wp\/v2\/users\/1"}],"replies":[{"embeddable":true,"href":"https:\/\/informacionlocal.es\/de\/wp-json\/wp\/v2\/comments?post=9044"}],"version-history":[{"count":0,"href":"https:\/\/informacionlocal.es\/de\/wp-json\/wp\/v2\/posts\/9044\/revisions"}],"wp:featuredmedia":[{"embeddable":true,"href":"https:\/\/informacionlocal.es\/de\/wp-json\/wp\/v2\/media\/9041"}],"wp:attachment":[{"href":"https:\/\/informacionlocal.es\/de\/wp-json\/wp\/v2\/media?parent=9044"}],"wp:term":[{"taxonomy":"category","embeddable":true,"href":"https:\/\/informacionlocal.es\/de\/wp-json\/wp\/v2\/categories?post=9044"},{"taxonomy":"post_tag","embeddable":true,"href":"https:\/\/informacionlocal.es\/de\/wp-json\/wp\/v2\/tags?post=9044"}],"curies":[{"name":"wp","href":"https:\/\/api.w.org\/{rel}","templated":true}]}}