{"id":9031,"date":"2025-08-01T14:07:06","date_gmt":"2025-08-01T13:07:06","guid":{"rendered":"https:\/\/informacionlocal.es\/eroeffnung-der-ausstellung-years-of-salt-50-years-of-being-young-zum-gedenken-an-das-fuenfzigjaehrige-bestehen-der-jugendwoche\/"},"modified":"2025-08-01T14:07:06","modified_gmt":"2025-08-01T13:07:06","slug":"eroeffnung-der-ausstellung-years-of-salt-50-years-of-being-young-zum-gedenken-an-das-fuenfzigjaehrige-bestehen-der-jugendwoche","status":"publish","type":"post","link":"https:\/\/informacionlocal.es\/de\/eroeffnung-der-ausstellung-years-of-salt-50-years-of-being-young-zum-gedenken-an-das-fuenfzigjaehrige-bestehen-der-jugendwoche\/","title":{"rendered":"Er\u00f6ffnung der Ausstellung &#8222;Years of Salt: 50 years of being young&#8220; zum Gedenken an das f\u00fcnfzigj\u00e4hrige Bestehen der Jugendwoche"},"content":{"rendered":"<div class=\"entry-content\"><strong>1. August, 2025<\/strong><\/p>\n<p><em><strong>Die Ausstellung besteht aus 120 Fotografien von Carlos de Sa\u00e1, die 1996 im Rahmen der 21. Ausgabe der Jugendwoche aufgenommen wurden.<\/strong><\/em><\/p>\n<p>Das Cabildo von Fuerteventura hat die Ausstellung &#8218;Years of Salt: 50 years of being young&#8216; des Fotografen Carlos de Sa\u00e1 er\u00f6ffnet, die von den Museen von Fuerteventura anl\u00e4sslich des f\u00fcnfzigj\u00e4hrigen Jubil\u00e4ums der Jugendwoche gef\u00f6rdert wird. Die Ausstellung ist bis zum 15. September zu besichtigen. 120 Fotografien sind vor allem in der Bibliothek von Gran Tarajal, aber auch in der Avenida Mar\u00edtima ausgestellt. <\/p>\n<p>Mit dieser Ausstellung m\u00f6chte Museos de Fuerteventura das f\u00fcnfzigj\u00e4hrige Jubil\u00e4um der Jugendwoche nutzen, um die Jugend von Gran Tarajal und die jungen Freiwilligen zu w\u00fcrdigen, die jedes Jahr diese kulturelle und sportliche Veranstaltung organisieren. Ohne den Gemeinschaftssinn, den Willen und das Organisationstalent dieser jungen Leute w\u00e4re die Woche nicht m\u00f6glich gewesen. <\/p>\n<p>Die Pr\u00e4sidentin der Insel, Lola Garc\u00eda, dr\u00fcckte &#8222;den Meilenstein aus, ein halbes Jahrhundert Jugendwoche zu feiern&#8220;. &#8222;Wir tun dies mit einer Fotoausstellung von Carlos de Sa\u00e1, die uns einl\u00e4dt, die Gesichter, das Lachen und die Emotionen der Jugend von Gran Tarajal wiederzusehen&#8220;. <\/p>\n<p>Der Museumsrat von Fuerteventura, Rayco Le\u00f3n, sagte dazu: &#8222;Die Jugendwoche ist ein Beispiel daf\u00fcr, was die kollektive Bewegung bewirken kann. Wir wollten dies mit dieser Ausstellung von Carlos de Sa\u00e1 widerspiegeln, mit einem seiner ersten Werke als Chronist des Geschehens auf Fuerteventura&#8220;.<\/p>\n<p>F\u00fcr die B\u00fcrgermeisterin von Tuineje, Candelaria Umpi\u00e9rrez, &#8222;ist das, was wir heute einweihen, viel mehr als eine Ausstellung: Es ist eine Erinnerung und Geschichte, die wir alle teilen, und ein Dankesch\u00f6n an die Menschen, die an diesen f\u00fcnfzig Jahren teilgenommen haben&#8220;.<\/p>\n<p><a>Wie Carlos de Sa\u00e1 erl\u00e4uterte, wurden alle Fotos in dieser Ausstellung 1996 w\u00e4hrend der 21. Ausgabe der Jugendwoche aufgenommen<\/a>, als er Student der Bild- und Tonwissenschaften und Mitglied der Kulturvereinigung Tiempo Sur war.<\/p>\n<p>Im selben Sommer begann er mit der Koordinierung des k\u00fcrzlich eingerichteten Fotografie-Kurses dieses Kollektivs, das \u00fcber ein Labor f\u00fcr Schwarz-Wei\u00df-Fotografie verf\u00fcgte und in der heutigen Casa de la Cultura von Gran Tarajal untergebracht war.<\/p>\n<p>Die auf den Silbersalzen der Schwarz-Wei\u00df-Negative, von denen diese Fotos stammen, aufgezeichneten Bilder zeigen uns ein geniales Volk, das jeden Sommer w\u00e4hrend einer Jugendwoche mit Leben f\u00fcllte, die bei allen Generationen, die sie erlebt haben, tiefe Spuren hinterlassen hat.<\/p>\n<p>&#8222;Wir haben dieses Archiv gerettet, um diese Ausstellung in der Bibliothek von Gran Tarajal und der Avenida Mar\u00edtima zu zeigen, die die Art und Weise widerspiegelt, wie wir Jugendlichen uns damals organisiert haben und wie wir unseren eigenen Sommer mit selbst organisierten Aktivit\u00e4ten und den uns zur Verf\u00fcgung stehenden Mitteln erfunden haben&#8220;, so Carlos de Sa\u00e1.<\/p>\n<\/div>\n","protected":false},"excerpt":{"rendered":"<p>1. August, 2025 Die Ausstellung besteht aus 120 Fotografien von Carlos de Sa\u00e1, die 1996 im Rahmen der 21. Ausgabe der Jugendwoche aufgenommen wurden. Das Cabildo von Fuerteventura hat die [&hellip;]<\/p>\n","protected":false},"author":1,"featured_media":9029,"comment_status":"open","ping_status":"open","sticky":false,"template":"","format":"standard","meta":{"inline_featured_image":false,"jnews-multi-image_gallery":[],"jnews_single_post":[],"jnews_primary_category":[],"jnews_social_meta":[],"jnews_override_counter":[],"jnews_post_split":[],"footnotes":""},"categories":[287],"tags":[216],"class_list":["post-9031","post","type-post","status-publish","format-standard","has-post-thumbnail","hentry","category-cabildo-de","tag-fuerteventura-de"],"jetpack_featured_media_url":"https:\/\/informacionlocal.es\/wp-content\/uploads\/2025\/08\/thth.jpeg","_links":{"self":[{"href":"https:\/\/informacionlocal.es\/de\/wp-json\/wp\/v2\/posts\/9031","targetHints":{"allow":["GET"]}}],"collection":[{"href":"https:\/\/informacionlocal.es\/de\/wp-json\/wp\/v2\/posts"}],"about":[{"href":"https:\/\/informacionlocal.es\/de\/wp-json\/wp\/v2\/types\/post"}],"author":[{"embeddable":true,"href":"https:\/\/informacionlocal.es\/de\/wp-json\/wp\/v2\/users\/1"}],"replies":[{"embeddable":true,"href":"https:\/\/informacionlocal.es\/de\/wp-json\/wp\/v2\/comments?post=9031"}],"version-history":[{"count":0,"href":"https:\/\/informacionlocal.es\/de\/wp-json\/wp\/v2\/posts\/9031\/revisions"}],"wp:featuredmedia":[{"embeddable":true,"href":"https:\/\/informacionlocal.es\/de\/wp-json\/wp\/v2\/media\/9029"}],"wp:attachment":[{"href":"https:\/\/informacionlocal.es\/de\/wp-json\/wp\/v2\/media?parent=9031"}],"wp:term":[{"taxonomy":"category","embeddable":true,"href":"https:\/\/informacionlocal.es\/de\/wp-json\/wp\/v2\/categories?post=9031"},{"taxonomy":"post_tag","embeddable":true,"href":"https:\/\/informacionlocal.es\/de\/wp-json\/wp\/v2\/tags?post=9031"}],"curies":[{"name":"wp","href":"https:\/\/api.w.org\/{rel}","templated":true}]}}