{"id":9020,"date":"2025-08-01T00:58:31","date_gmt":"2025-07-31T23:58:31","guid":{"rendered":"https:\/\/informacionlocal.es\/das-plenum-des-kabinetts-billigt-die-aenderung-des-haushalts-um-16-millionen-euro-fuer-massnahmen-in-den-bereichen-sicherheit-und-notfaelle-strassen-und-sport\/"},"modified":"2025-08-01T00:58:31","modified_gmt":"2025-07-31T23:58:31","slug":"das-plenum-des-kabinetts-billigt-die-aenderung-des-haushalts-um-16-millionen-euro-fuer-massnahmen-in-den-bereichen-sicherheit-und-notfaelle-strassen-und-sport","status":"publish","type":"post","link":"https:\/\/informacionlocal.es\/de\/das-plenum-des-kabinetts-billigt-die-aenderung-des-haushalts-um-16-millionen-euro-fuer-massnahmen-in-den-bereichen-sicherheit-und-notfaelle-strassen-und-sport\/","title":{"rendered":"Das Plenum des Kabinetts billigt die \u00c4nderung des Haushalts um 1,6 Millionen Euro f\u00fcr Ma\u00dfnahmen in den Bereichen Sicherheit und Notf\u00e4lle, Stra\u00dfen und Sport."},"content":{"rendered":"<div class=\"entry-content\"><strong>31. Juli, 2025<\/strong><\/p>\n<p><strong>J<\/strong><\/p>\n<p>Wie die Stadtr\u00e4tin f\u00fcr Finanzen und Wirtschaftsf\u00f6rderung, Nuria Cabrera, mitteilte, hat das Plenum des Rathauses einstimmig die \u00c4nderung von Krediten in H\u00f6he von fast 1,6 Millionen Euro zur Unterst\u00fctzung von Ma\u00dfnahmen in den Bereichen Sicherheit und Notf\u00e4lle, Stra\u00dfen und Unterst\u00fctzung des lokalen Sports genehmigt.<\/p>\n<p>Auf diese Weise werden Mittel f\u00fcr die Verst\u00e4rkung und Erneuerung des Materials im Bereich Sicherheit und Notf\u00e4lle bereitgestellt, einem Bereich, der von der Stadtr\u00e4tin Lolina Negr\u00edn geleitet wird, f\u00fcr die Anschaffung von Computerwerkzeugen und -anwendungen f\u00fcr den Betrieb von CECOPIN, f\u00fcr die Beschaffung von Mobiliar f\u00fcr die Einsatzbasis der Feuerwehr von El Cuchillete sowie f\u00fcr die Instandhaltung des Fuhrparks des Brand- und L\u00f6sch- und Rettungsdienstes und anderer f\u00fcr die Notfallhilfe bestimmter Elemente.<\/p>\n<p>Im Bereich Sport, der von Luis Gonz\u00e1lez geleitet wird, ist ein Teil der Mittel f\u00fcr die Unterst\u00fctzung von Aktionen des Inselverbands von Bola Canaria und des Verbands von Lucha Canaria auf Fuerteventura im Rahmen des Programms zur Sportf\u00f6rderung 2025 bestimmt.<\/p>\n<p>Auch f\u00fcr die Sanierung der Fahrbahndecke auf der Stra\u00dfe FV-2 (Kreuzung Pecenescal-Glorieta de Las Gaviotas), die von der Stra\u00dfenbeh\u00f6rde unter der Leitung von Blas Acosta durchgef\u00fchrt wird, stehen Mittel zur Verf\u00fcgung. Dabei handelt es sich um eine grundlegende Arbeit zur Verbesserung der Infrastruktur, die die Sicherheit und Effizienz der Stra\u00dfe gew\u00e4hrleistet.   <\/p>\n<\/div>\n","protected":false},"excerpt":{"rendered":"<p>31. Juli, 2025 J Wie die Stadtr\u00e4tin f\u00fcr Finanzen und Wirtschaftsf\u00f6rderung, Nuria Cabrera, mitteilte, hat das Plenum des Rathauses einstimmig die \u00c4nderung von Krediten in H\u00f6he von fast 1,6 Millionen [&hellip;]<\/p>\n","protected":false},"author":1,"featured_media":9017,"comment_status":"open","ping_status":"open","sticky":false,"template":"","format":"standard","meta":{"inline_featured_image":false,"jnews-multi-image_gallery":[],"jnews_single_post":[],"jnews_primary_category":[],"jnews_social_meta":[],"jnews_override_counter":[],"jnews_post_split":[],"footnotes":""},"categories":[287],"tags":[216,340,263,343],"class_list":["post-9020","post","type-post","status-publish","format-standard","has-post-thumbnail","hentry","category-cabildo-de","tag-fuerteventura-de","tag-infrastruktur-de","tag-sicherheit","tag-sport-de"],"jetpack_featured_media_url":"https:\/\/informacionlocal.es\/wp-content\/uploads\/2025\/08\/dfdf-1.jpeg","_links":{"self":[{"href":"https:\/\/informacionlocal.es\/de\/wp-json\/wp\/v2\/posts\/9020","targetHints":{"allow":["GET"]}}],"collection":[{"href":"https:\/\/informacionlocal.es\/de\/wp-json\/wp\/v2\/posts"}],"about":[{"href":"https:\/\/informacionlocal.es\/de\/wp-json\/wp\/v2\/types\/post"}],"author":[{"embeddable":true,"href":"https:\/\/informacionlocal.es\/de\/wp-json\/wp\/v2\/users\/1"}],"replies":[{"embeddable":true,"href":"https:\/\/informacionlocal.es\/de\/wp-json\/wp\/v2\/comments?post=9020"}],"version-history":[{"count":0,"href":"https:\/\/informacionlocal.es\/de\/wp-json\/wp\/v2\/posts\/9020\/revisions"}],"wp:featuredmedia":[{"embeddable":true,"href":"https:\/\/informacionlocal.es\/de\/wp-json\/wp\/v2\/media\/9017"}],"wp:attachment":[{"href":"https:\/\/informacionlocal.es\/de\/wp-json\/wp\/v2\/media?parent=9020"}],"wp:term":[{"taxonomy":"category","embeddable":true,"href":"https:\/\/informacionlocal.es\/de\/wp-json\/wp\/v2\/categories?post=9020"},{"taxonomy":"post_tag","embeddable":true,"href":"https:\/\/informacionlocal.es\/de\/wp-json\/wp\/v2\/tags?post=9020"}],"curies":[{"name":"wp","href":"https:\/\/api.w.org\/{rel}","templated":true}]}}