{"id":8996,"date":"2025-07-31T22:58:24","date_gmt":"2025-07-31T21:58:24","guid":{"rendered":"https:\/\/informacionlocal.es\/die-ausstellung-maxo-arte-tour-kommt-auf-dem-flughafen-von-fuerteventura-an\/"},"modified":"2025-07-31T22:58:24","modified_gmt":"2025-07-31T21:58:24","slug":"die-ausstellung-maxo-arte-tour-kommt-auf-dem-flughafen-von-fuerteventura-an","status":"publish","type":"post","link":"https:\/\/informacionlocal.es\/de\/die-ausstellung-maxo-arte-tour-kommt-auf-dem-flughafen-von-fuerteventura-an\/","title":{"rendered":"Die Ausstellung Maxo Arte Tour kommt auf dem Flughafen von Fuerteventura an"},"content":{"rendered":"<div class=\"entry-content\"><strong>31. Juli, 2025<\/strong><\/p>\n<p>Die Ausstellung Maxo Arte Tour kommt auf den Flughafen von Fuerteventura und zeigt das Talent, die Kreativit\u00e4t und den k\u00fcnstlerischen Reichtum der Jugend Fuerteventuras. Die Werke werden bis zum 30. September auf dem Flughafen ausgestellt, um sie den Einwohnern und Besuchern n\u00e4her zu bringen. <\/p>\n<p>Die Ausstellung versammelt die Werke, die im Rahmen des Wettbewerbs Maxo Arte Joven 2024 der Jugendabteilung der Inselregierung von Fuerteventura unter der Leitung von Adargoma Hern\u00e1ndez ausgew\u00e4hlt wurden, in verschiedenen Disziplinen: Fotografie, Film, Malerei, Musik, Poesie, Erz\u00e4hlung, Bildhauerei, Textildesign und Comics. Eine einzigartige Gelegenheit, das k\u00fcnstlerische Potenzial der neuen Generationen der Insel kennenzulernen. <\/p>\n<p>Die Pr\u00e4sidentin des Cabildo von Fuerteventura, Lola Garc\u00eda, und die Stadtr\u00e4tin f\u00fcr Jugend, Adargoma Hern\u00e1ndez, betonen den Wert dieser Art von Vorschl\u00e4gen, die junge Talente aus Fuerteventura f\u00f6rdern und die Kunst zu einem Werkzeug f\u00fcr pers\u00f6nlichen Ausdruck und Wachstum machen.<\/p>\n<p>Die Ausstellung kommt am Flughafen an, nachdem sie bereits das Centro Insular de Juventud in Puerto del Rosario, die Bibliothek in Gran Tarajal, die Casa de la Juventud in Morro Jable und das Auditorium in Antigua besucht hat. Danach geht es weiter zur St\u00e4dtischen Ausstellungshalle in Corralejo, dem n\u00e4chsten Ziel. <\/p>\n<\/div>\n","protected":false},"excerpt":{"rendered":"<p>31. Juli, 2025 Die Ausstellung Maxo Arte Tour kommt auf den Flughafen von Fuerteventura und zeigt das Talent, die Kreativit\u00e4t und den k\u00fcnstlerischen Reichtum der Jugend Fuerteventuras. Die Werke werden [&hellip;]<\/p>\n","protected":false},"author":1,"featured_media":8993,"comment_status":"open","ping_status":"open","sticky":false,"template":"","format":"standard","meta":{"inline_featured_image":false,"jnews-multi-image_gallery":[],"jnews_single_post":[],"jnews_primary_category":[],"jnews_social_meta":[],"jnews_override_counter":[],"jnews_post_split":[],"footnotes":""},"categories":[287],"tags":[216],"class_list":["post-8996","post","type-post","status-publish","format-standard","has-post-thumbnail","hentry","category-cabildo-de","tag-fuerteventura-de"],"jetpack_featured_media_url":"https:\/\/informacionlocal.es\/wp-content\/uploads\/2025\/07\/sssfrs.jpeg","_links":{"self":[{"href":"https:\/\/informacionlocal.es\/de\/wp-json\/wp\/v2\/posts\/8996","targetHints":{"allow":["GET"]}}],"collection":[{"href":"https:\/\/informacionlocal.es\/de\/wp-json\/wp\/v2\/posts"}],"about":[{"href":"https:\/\/informacionlocal.es\/de\/wp-json\/wp\/v2\/types\/post"}],"author":[{"embeddable":true,"href":"https:\/\/informacionlocal.es\/de\/wp-json\/wp\/v2\/users\/1"}],"replies":[{"embeddable":true,"href":"https:\/\/informacionlocal.es\/de\/wp-json\/wp\/v2\/comments?post=8996"}],"version-history":[{"count":0,"href":"https:\/\/informacionlocal.es\/de\/wp-json\/wp\/v2\/posts\/8996\/revisions"}],"wp:featuredmedia":[{"embeddable":true,"href":"https:\/\/informacionlocal.es\/de\/wp-json\/wp\/v2\/media\/8993"}],"wp:attachment":[{"href":"https:\/\/informacionlocal.es\/de\/wp-json\/wp\/v2\/media?parent=8996"}],"wp:term":[{"taxonomy":"category","embeddable":true,"href":"https:\/\/informacionlocal.es\/de\/wp-json\/wp\/v2\/categories?post=8996"},{"taxonomy":"post_tag","embeddable":true,"href":"https:\/\/informacionlocal.es\/de\/wp-json\/wp\/v2\/tags?post=8996"}],"curies":[{"name":"wp","href":"https:\/\/api.w.org\/{rel}","templated":true}]}}