{"id":8984,"date":"2025-07-31T21:58:23","date_gmt":"2025-07-31T20:58:23","guid":{"rendered":"https:\/\/informacionlocal.es\/beginn-der-von-der-stadtverwaltung-antiguas-in-acht-staedten-und-doerfern-organisierten-sommerfoerderkurse\/"},"modified":"2025-07-31T21:58:23","modified_gmt":"2025-07-31T20:58:23","slug":"beginn-der-von-der-stadtverwaltung-antiguas-in-acht-staedten-und-doerfern-organisierten-sommerfoerderkurse","status":"publish","type":"post","link":"https:\/\/informacionlocal.es\/de\/beginn-der-von-der-stadtverwaltung-antiguas-in-acht-staedten-und-doerfern-organisierten-sommerfoerderkurse\/","title":{"rendered":"Beginn der von der Stadtverwaltung Antiguas in acht St\u00e4dten und D\u00f6rfern organisierten Sommerf\u00f6rderkurse"},"content":{"rendered":"<div class=\"elementor-widget-container\">\n<p><strong>Beginn der von der Stadtverwaltung von Antigua in acht St\u00e4dten und D\u00f6rfern organisierten Sommerf\u00f6rderkurse<\/strong><\/p>\n<p><strong>&#8211; F\u00f6rderunterricht, kostenlos und von Angesicht zu Angesicht mit Unterst\u00fctzung, Ratschl\u00e4gen und Erkl\u00e4rungen durch ein Lehrerteam.  <\/strong><br \/><strong>&#8211; Die F\u00f6rderkurse finden ab dem 1. August vormittags in den Kulturzentren von Casillas de Morales, Triquivijate, Agua de Bueyes, Caleta de Fuste, Costa de Antigua, Los Alares, Valles de Ortega und in der Stadtbibliothek von Antigua statt.  <\/strong><br \/><strong>&#8211; Die Anmeldung erfolgt im Rathaus von Antigua, im B\u00fcro des B\u00fcrgermeisters von Caleta de Fuste oder online unter www.ayto-antigua.es, wobei die in der Gemeinde registrierten Sch\u00fcler bevorzugt werden.<\/strong><br \/><strong>&#8211; Support Classes vertiefen das Studium und l\u00f6sen Probleme im Pr\u00e4senzunterricht oder per E-Mail clasesdeapoyo@ayto-antigua.es<\/strong><\/p>\n<p>Die Bildungsabteilung der Stadtverwaltung von Antigua organisiert vom 1. August bis zum 5. September vormittags die kostenlosen und wohnortnahen Sommerf\u00f6rderkurse, die an acht Orten in der Gemeinde stattfinden, erkl\u00e4rt die Stadtr\u00e4tin f\u00fcr diesen Bereich, Am\u00e9rica Soto.<\/p>\n<p>Laut B\u00fcrgermeister Mat\u00edas Pe\u00f1a besteht das Ziel der Unterst\u00fctzungsklassen darin, die Fragen der Sch\u00fcler zu beantworten, Studienmethoden zu vermitteln und das Studium ausgew\u00e4hlter F\u00e4cher zu unterst\u00fctzen, entweder pers\u00f6nlich in den Kulturzentren oder per E-Mail an clasesdeapoyo@ayto-antigua.es.<\/p>\n<p>Die einzige Voraussetzung f\u00fcr die Teilnahme an den F\u00f6rderkursen ist eine vorherige Anmeldung unter<br \/>im Rathaus von Antigua, im B\u00fcro des B\u00fcrgermeisters in Caleta de Fuste oder online.<\/p>\n<p>Der Unterricht findet in Antigua montags, mittwochs und donnerstags von 08:00 bis 09:30 Uhr, in Casillas de Morales dienstags von 12:00 bis 13:30 Uhr, in Triquivijate montags und donnerstags von 10:00 bis 11:30 Uhr, in Agua de Bueyes mittwochs von 10:00 bis 11:30 Uhr und freitags von 12:00 bis 13:30 Uhr statt:in Caleta de Fuste dienstags und freitags von 08:00 bis 09:30 Uhr, in Costa de Antigua dienstags und freitags von 10:00 bis 11:30 Uhr, in Los Alares mittwochs von 12:00 bis 13:30 Uhr und in Valles de Ortega montags und donnerstags von 12:00 bis 13:30 Uhr.<\/p>\n<\/p>\n<\/div>\n","protected":false},"excerpt":{"rendered":"<p><strong>Beginn der von der Stadtverwaltung Antiguas in acht St\u00e4dten und D\u00f6rfern organisierten Sommerf\u00f6rderkurse<\/strong><\/p>\n","protected":false},"author":1,"featured_media":8981,"comment_status":"open","ping_status":"open","sticky":false,"template":"","format":"standard","meta":{"inline_featured_image":false,"jnews-multi-image_gallery":[],"jnews_single_post":[],"jnews_primary_category":[],"jnews_social_meta":[],"jnews_override_counter":[],"jnews_post_split":[],"footnotes":""},"categories":[283],"tags":[306],"class_list":["post-8984","post","type-post","status-publish","format-standard","has-post-thumbnail","hentry","category-antigua-de","tag-educacion-de"],"jetpack_featured_media_url":"https:\/\/informacionlocal.es\/wp-content\/uploads\/2025\/07\/biblioteca-municipal-de-antigua-2-scaled-1.jpg","_links":{"self":[{"href":"https:\/\/informacionlocal.es\/de\/wp-json\/wp\/v2\/posts\/8984","targetHints":{"allow":["GET"]}}],"collection":[{"href":"https:\/\/informacionlocal.es\/de\/wp-json\/wp\/v2\/posts"}],"about":[{"href":"https:\/\/informacionlocal.es\/de\/wp-json\/wp\/v2\/types\/post"}],"author":[{"embeddable":true,"href":"https:\/\/informacionlocal.es\/de\/wp-json\/wp\/v2\/users\/1"}],"replies":[{"embeddable":true,"href":"https:\/\/informacionlocal.es\/de\/wp-json\/wp\/v2\/comments?post=8984"}],"version-history":[{"count":0,"href":"https:\/\/informacionlocal.es\/de\/wp-json\/wp\/v2\/posts\/8984\/revisions"}],"wp:featuredmedia":[{"embeddable":true,"href":"https:\/\/informacionlocal.es\/de\/wp-json\/wp\/v2\/media\/8981"}],"wp:attachment":[{"href":"https:\/\/informacionlocal.es\/de\/wp-json\/wp\/v2\/media?parent=8984"}],"wp:term":[{"taxonomy":"category","embeddable":true,"href":"https:\/\/informacionlocal.es\/de\/wp-json\/wp\/v2\/categories?post=8984"},{"taxonomy":"post_tag","embeddable":true,"href":"https:\/\/informacionlocal.es\/de\/wp-json\/wp\/v2\/tags?post=8984"}],"curies":[{"name":"wp","href":"https:\/\/api.w.org\/{rel}","templated":true}]}}