{"id":8948,"date":"2025-07-31T18:58:23","date_gmt":"2025-07-31T17:58:23","guid":{"rendered":"https:\/\/informacionlocal.es\/das-cabildo-von-fuerteventura-beginnt-mit-der-ersten-phase-der-renovierung-der-casa-del-ingles\/"},"modified":"2025-07-31T18:58:23","modified_gmt":"2025-07-31T17:58:23","slug":"das-cabildo-von-fuerteventura-beginnt-mit-der-ersten-phase-der-renovierung-der-casa-del-ingles","status":"publish","type":"post","link":"https:\/\/informacionlocal.es\/de\/das-cabildo-von-fuerteventura-beginnt-mit-der-ersten-phase-der-renovierung-der-casa-del-ingles\/","title":{"rendered":"Das Cabildo von Fuerteventura beginnt mit der ersten Phase der Renovierung der Casa del Ingl\u00e9s"},"content":{"rendered":"<div class=\"entry-content\"><strong>31. Juli, 2025<\/strong><\/p>\n<p>Das Cabildo von Fuerteventura hat \u00fcber die Abteilung f\u00fcr kulturelles Erbe mit der ersten Phase des Projekts zur Sanierung der Casa del Ingl\u00e9s in der Gemeinde La Oliva begonnen.<\/p>\n<p>Diese ersten Ma\u00dfnahmen umfassen eine Investition von fast 650.000 Euro und bestehen in der Stabilisierung des Daches und der Fassade, als ein wichtiger Schritt in einem gr\u00f6\u00dferen Projekt der umfassenden Sanierung und sp\u00e4teren Nutzung eines Geb\u00e4udes, das eines der wichtigsten Elemente des Kulturerbes von Fuerteventura ist, wie die Pr\u00e4sidentin des Cabildo, Lola Garc\u00eda, erkl\u00e4rte.<\/p>\n<p>Der Stadtrat f\u00fcr Kulturerbe, Rayco Le\u00f3n, wies darauf hin, dass &#8222;diese erste Phase der Stabilisierung des Geb\u00e4udes ein grundlegender Schritt f\u00fcr k\u00fcnftige Eingriffe in das Geb\u00e4ude ist&#8220;. Mit einer Dauer von f\u00fcnf Monaten werden diese ersten Arbeiten die Sicherheit und Stabilit\u00e4t des Geb\u00e4udes gew\u00e4hrleisten. Er wies darauf hin, dass die in der n\u00e4chsten Woche beginnenden Arbeiten auch eine Studie zur Bestimmung des aktuellen Zustands des Geb\u00e4udes und der Materialien, aus denen es besteht, umfassen.  <\/p>\n<p>Bei der Besichtigung der Arbeiten wurden sie vom B\u00fcrgermeister von La Oliva, Isa\u00ed Blanco, und dem Stadtrat f\u00fcr Kultur, David Hern\u00e1ndez, begleitet, die sich f\u00fcr das Engagement des Cabildo f\u00fcr das kulturelle Erbe der Insel bedankten, in diesem Fall mit einem Projekt, das den Wert eines so wichtigen architektonischen Elements des historischen Zentrums von La Oliva steigern wird.<\/p>\n<p><strong>Historische Bedeutung<\/strong><\/p>\n<p>Die Casa del Ingl\u00e9s ist eines der emblematischsten Geb\u00e4ude der Gemeinde. Ein einzigartiges Geb\u00e4ude, dessen architektonische Werte dazu gef\u00fchrt haben, dass es zum Kulturgut (BIC) erkl\u00e4rt wurde.   <\/p>\n<p>Das Haus mit viereckigem Grundriss und doppelter H\u00f6he gliedert sich um einen gro\u00dfen Innenhof. Es ist mit gutem Mauerwerk gebaut, wobei in den Ecken Quadersteine verwendet wurden. <\/p>\n<p>Das Haus wurde von Herrn Juli\u00e1n Leal Sicilia erbaut, dessen Familie (aus La Palma) sich der Landwirtschaft und dem Handel zwischen den Kanarischen Inseln und Amerika widmete. Sp\u00e4ter ging es in den Besitz von John Parkinson \u00fcber, einem englischen Naturforscher, der sich dem Studium von Flora und Fauna widmete und lange Zeit auf Fuerteventura verbrachte. Es ist Parkinsons Anwesenheit auf Fuerteventura, an die man sich erinnert, und das Haus ist noch heute als Casa del Ingl\u00e9s (Haus des Engl\u00e4nders) bekannt.  <\/p>\n<\/div>\n","protected":false},"excerpt":{"rendered":"<p>31. Juli, 2025 Das Cabildo von Fuerteventura hat \u00fcber die Abteilung f\u00fcr kulturelles Erbe mit der ersten Phase des Projekts zur Sanierung der Casa del Ingl\u00e9s in der Gemeinde La [&hellip;]<\/p>\n","protected":false},"author":1,"featured_media":8945,"comment_status":"open","ping_status":"open","sticky":false,"template":"","format":"standard","meta":{"inline_featured_image":false,"jnews-multi-image_gallery":[],"jnews_single_post":[],"jnews_primary_category":[],"jnews_social_meta":[],"jnews_override_counter":[],"jnews_post_split":[],"footnotes":""},"categories":[287],"tags":[216],"class_list":["post-8948","post","type-post","status-publish","format-standard","has-post-thumbnail","hentry","category-cabildo-de","tag-fuerteventura-de"],"jetpack_featured_media_url":"https:\/\/informacionlocal.es\/wp-content\/uploads\/2025\/07\/fdbb.jpeg","_links":{"self":[{"href":"https:\/\/informacionlocal.es\/de\/wp-json\/wp\/v2\/posts\/8948","targetHints":{"allow":["GET"]}}],"collection":[{"href":"https:\/\/informacionlocal.es\/de\/wp-json\/wp\/v2\/posts"}],"about":[{"href":"https:\/\/informacionlocal.es\/de\/wp-json\/wp\/v2\/types\/post"}],"author":[{"embeddable":true,"href":"https:\/\/informacionlocal.es\/de\/wp-json\/wp\/v2\/users\/1"}],"replies":[{"embeddable":true,"href":"https:\/\/informacionlocal.es\/de\/wp-json\/wp\/v2\/comments?post=8948"}],"version-history":[{"count":0,"href":"https:\/\/informacionlocal.es\/de\/wp-json\/wp\/v2\/posts\/8948\/revisions"}],"wp:featuredmedia":[{"embeddable":true,"href":"https:\/\/informacionlocal.es\/de\/wp-json\/wp\/v2\/media\/8945"}],"wp:attachment":[{"href":"https:\/\/informacionlocal.es\/de\/wp-json\/wp\/v2\/media?parent=8948"}],"wp:term":[{"taxonomy":"category","embeddable":true,"href":"https:\/\/informacionlocal.es\/de\/wp-json\/wp\/v2\/categories?post=8948"},{"taxonomy":"post_tag","embeddable":true,"href":"https:\/\/informacionlocal.es\/de\/wp-json\/wp\/v2\/tags?post=8948"}],"curies":[{"name":"wp","href":"https:\/\/api.w.org\/{rel}","templated":true}]}}