{"id":8923,"date":"2025-07-31T16:58:29","date_gmt":"2025-07-31T15:58:29","guid":{"rendered":"https:\/\/informacionlocal.es\/das-cabildo-wird-an-diesem-wochenende-einen-speziellen-busservice-fuer-die-caleta-sound-fest-beach-party-anbieten\/"},"modified":"2025-07-31T16:58:29","modified_gmt":"2025-07-31T15:58:29","slug":"das-cabildo-wird-an-diesem-wochenende-einen-speziellen-busservice-fuer-die-caleta-sound-fest-beach-party-anbieten","status":"publish","type":"post","link":"https:\/\/informacionlocal.es\/de\/das-cabildo-wird-an-diesem-wochenende-einen-speziellen-busservice-fuer-die-caleta-sound-fest-beach-party-anbieten\/","title":{"rendered":"Das Cabildo wird an diesem Wochenende einen speziellen Busservice f\u00fcr die Caleta Sound Fest Beach Party anbieten"},"content":{"rendered":"<div class=\"entry-content\"><strong>31. Juli, 2025<\/strong><\/p>\n<p>Das Cabildo de Fuerteventura hat \u00fcber das Verkehrsministerium und die konzessionierte Gesellschaft f\u00fcr den Linienverkehr an diesem Wochenende einen Sonderbusdienst eingerichtet, um die von der Gemeinde Antigua organisierte Caleta Sound Fest Beach Party zu feiern.<\/p>\n<p>Zus\u00e4tzlich zu den regul\u00e4ren Linien werden die folgenden Sonderdienste angeboten:<\/p>\n<p><strong>Linie A<\/strong><\/p>\n<p>-Busbahnhof Puerto del Rosario &#8211; Bushaltestelle Caleta de Fuste: 21.00, 22.30 und 00.30 Uhr.<\/p>\n<p>-Busbahnhof Caleta de Fuste-Puerto del Rosario: 21.45, 23.15, 02.00, 03.30 und 05.00 Uhr.<\/p>\n<p><strong>Linie B<\/strong><\/p>\n<p>-Gran Tarajal Vorzugshaltestelle &#8211; Caleta de Fuste Vorzugshaltestelle:<\/p>\n<p>21.15 Uhr, 22.45 Uhr und 00.30 Uhr.<\/p>\n<p>Vorzugshaltestelle Caleta de Fuste -Vorzugshaltestelle Caleta de Fuste -Vorzugshaltestelle Gran Tarajal:<\/p>\n<p>22.00, 23.30, 01.30, 03.45 und 05.00 Uhr.<\/p>\n<p>F\u00fcr die \u00fcbrigen Dienste konsultieren Sie die Linien 03, 10 und 16 unter: https:\/\/tiadhe.com\/todas-las-rutas\/<\/p>\n<p>Die Mitnahme von Speisen und Getr\u00e4nken in die Sonderbusse ist verboten, und die Gep\u00e4ckf\u00e4cher d\u00fcrfen nicht benutzt werden. Die Verwendung des Gutscheins ist erlaubt. <\/p>\n<\/div>\n","protected":false},"excerpt":{"rendered":"<p>31. Juli, 2025 Das Cabildo de Fuerteventura hat \u00fcber das Verkehrsministerium und die konzessionierte Gesellschaft f\u00fcr den Linienverkehr an diesem Wochenende einen Sonderbusdienst eingerichtet, um die von der Gemeinde Antigua [&hellip;]<\/p>\n","protected":false},"author":1,"featured_media":8921,"comment_status":"open","ping_status":"open","sticky":false,"template":"","format":"standard","meta":{"inline_featured_image":false,"jnews-multi-image_gallery":[],"jnews_single_post":[],"jnews_primary_category":[],"jnews_social_meta":[],"jnews_override_counter":[],"jnews_post_split":[],"footnotes":""},"categories":[287],"tags":[216,198],"class_list":["post-8923","post","type-post","status-publish","format-standard","has-post-thumbnail","hentry","category-cabildo-de","tag-fuerteventura-de","tag-transport"],"jetpack_featured_media_url":"https:\/\/informacionlocal.es\/wp-content\/uploads\/2025\/07\/efef.jpeg","_links":{"self":[{"href":"https:\/\/informacionlocal.es\/de\/wp-json\/wp\/v2\/posts\/8923","targetHints":{"allow":["GET"]}}],"collection":[{"href":"https:\/\/informacionlocal.es\/de\/wp-json\/wp\/v2\/posts"}],"about":[{"href":"https:\/\/informacionlocal.es\/de\/wp-json\/wp\/v2\/types\/post"}],"author":[{"embeddable":true,"href":"https:\/\/informacionlocal.es\/de\/wp-json\/wp\/v2\/users\/1"}],"replies":[{"embeddable":true,"href":"https:\/\/informacionlocal.es\/de\/wp-json\/wp\/v2\/comments?post=8923"}],"version-history":[{"count":0,"href":"https:\/\/informacionlocal.es\/de\/wp-json\/wp\/v2\/posts\/8923\/revisions"}],"wp:featuredmedia":[{"embeddable":true,"href":"https:\/\/informacionlocal.es\/de\/wp-json\/wp\/v2\/media\/8921"}],"wp:attachment":[{"href":"https:\/\/informacionlocal.es\/de\/wp-json\/wp\/v2\/media?parent=8923"}],"wp:term":[{"taxonomy":"category","embeddable":true,"href":"https:\/\/informacionlocal.es\/de\/wp-json\/wp\/v2\/categories?post=8923"},{"taxonomy":"post_tag","embeddable":true,"href":"https:\/\/informacionlocal.es\/de\/wp-json\/wp\/v2\/tags?post=8923"}],"curies":[{"name":"wp","href":"https:\/\/api.w.org\/{rel}","templated":true}]}}