{"id":8911,"date":"2025-07-31T15:58:36","date_gmt":"2025-07-31T14:58:36","guid":{"rendered":"https:\/\/informacionlocal.es\/die-vorlaeufige-liste-der-ventorrillos-fuer-die-fiestas-del-rosario-2025-wurde-veroeffentlicht\/"},"modified":"2025-07-31T15:58:36","modified_gmt":"2025-07-31T14:58:36","slug":"die-vorlaeufige-liste-der-ventorrillos-fuer-die-fiestas-del-rosario-2025-wurde-veroeffentlicht","status":"publish","type":"post","link":"https:\/\/informacionlocal.es\/de\/die-vorlaeufige-liste-der-ventorrillos-fuer-die-fiestas-del-rosario-2025-wurde-veroeffentlicht\/","title":{"rendered":"Die vorl\u00e4ufige Liste der Ventorrillos f\u00fcr die Fiestas del Rosario 2025 wurde ver\u00f6ffentlicht."},"content":{"rendered":"<div class=\"entry-content\">\n<p>Die Stadtverwaltung von Puerto del Rosario teilt \u00fcber die Abteilung f\u00fcr Feste mit, dass die vorl\u00e4ufige Liste der &#8222;ventorrillos&#8220; f\u00fcr die Feste von El Rosario ver\u00f6ffentlicht wurde.<\/p>\n<div dir=\"auto\">Weitere Informationen unter: <span class=\"html-span xdj266r x14z9mp xat24cr x1lziwak xexx8yu xyri2b x18d9i69 x1c1uobl x1hl2dhg x16tdsg8 x1vvkbs\">www.puertodelrosario.org<\/span><\/div>\n<div dir=\"auto\">Abschnitt Feste<\/div>\n<div dir=\"auto\">Zeitraum der Subventionen vom 04. bis 11. August. Durch Eintragung ins Register. <\/div>\n<\/div>\n","protected":false},"excerpt":{"rendered":"<p>Die Stadtverwaltung von Puerto del Rosario teilt \u00fcber die Abteilung f\u00fcr Feste mit, dass die vorl\u00e4ufige Liste der &#8222;ventorrillos&#8220; f\u00fcr die Feste von El Rosario ver\u00f6ffentlicht wurde. Weitere Informationen unter: [&hellip;]<\/p>\n","protected":false},"author":1,"featured_media":8909,"comment_status":"open","ping_status":"open","sticky":false,"template":"","format":"standard","meta":{"inline_featured_image":false,"jnews-multi-image_gallery":[],"jnews_single_post":[],"jnews_primary_category":[],"jnews_social_meta":[],"jnews_override_counter":[],"jnews_post_split":[],"footnotes":""},"categories":[293],"tags":[],"class_list":["post-8911","post","type-post","status-publish","format-standard","has-post-thumbnail","hentry","category-puerto-del-rosario-de"],"jetpack_featured_media_url":"https:\/\/informacionlocal.es\/wp-content\/uploads\/2025\/07\/ventorrillos-titu-rosario-25.jpg","_links":{"self":[{"href":"https:\/\/informacionlocal.es\/de\/wp-json\/wp\/v2\/posts\/8911","targetHints":{"allow":["GET"]}}],"collection":[{"href":"https:\/\/informacionlocal.es\/de\/wp-json\/wp\/v2\/posts"}],"about":[{"href":"https:\/\/informacionlocal.es\/de\/wp-json\/wp\/v2\/types\/post"}],"author":[{"embeddable":true,"href":"https:\/\/informacionlocal.es\/de\/wp-json\/wp\/v2\/users\/1"}],"replies":[{"embeddable":true,"href":"https:\/\/informacionlocal.es\/de\/wp-json\/wp\/v2\/comments?post=8911"}],"version-history":[{"count":0,"href":"https:\/\/informacionlocal.es\/de\/wp-json\/wp\/v2\/posts\/8911\/revisions"}],"wp:featuredmedia":[{"embeddable":true,"href":"https:\/\/informacionlocal.es\/de\/wp-json\/wp\/v2\/media\/8909"}],"wp:attachment":[{"href":"https:\/\/informacionlocal.es\/de\/wp-json\/wp\/v2\/media?parent=8911"}],"wp:term":[{"taxonomy":"category","embeddable":true,"href":"https:\/\/informacionlocal.es\/de\/wp-json\/wp\/v2\/categories?post=8911"},{"taxonomy":"post_tag","embeddable":true,"href":"https:\/\/informacionlocal.es\/de\/wp-json\/wp\/v2\/tags?post=8911"}],"curies":[{"name":"wp","href":"https:\/\/api.w.org\/{rel}","templated":true}]}}