{"id":8899,"date":"2025-07-31T14:58:37","date_gmt":"2025-07-31T13:58:37","guid":{"rendered":"https:\/\/informacionlocal.es\/der-stadtrat-und-affa-foerdern-das-programm-guarecer-pajara\/"},"modified":"2025-07-31T14:58:37","modified_gmt":"2025-07-31T13:58:37","slug":"der-stadtrat-und-affa-foerdern-das-programm-guarecer-pajara","status":"publish","type":"post","link":"https:\/\/informacionlocal.es\/de\/der-stadtrat-und-affa-foerdern-das-programm-guarecer-pajara\/","title":{"rendered":"Der Stadtrat und AFFA f\u00f6rdern das Programm Guarecer P\u00e1jara"},"content":{"rendered":"<div class=\"entry-content\">\n<p><b><i>Die mit 80.000 Euro dotierte Initiative wird eine umfassende Betreuung f\u00fcr Menschen mit Demenz und Unterst\u00fctzung f\u00fcr ihre Familien bieten.  <\/i><\/b><\/p>\n<p><span>Die Stadtverwaltung von P\u00e1jara hat \u00fcber das Sozialamt eine Kooperationsvereinbarung mit der Vereinigung der Angeh\u00f6rigen von Alzheimer- und anderen Demenzkranken auf Fuerteventura (AFFA) unterzeichnet, die eine umfassende Betreuung von Menschen mit der Diagnose Demenz, einschlie\u00dflich Alzheimer, in der Gemeinde gew\u00e4hrleisten soll. Die Vereinbarung mit dem Namen &#8222;Guarecer P\u00e1jara&#8220; sieht einen st\u00e4dtischen Zuschuss in H\u00f6he von 80.000 Euro vor und wird von Januar bis Dezember 2025 gelten.   <\/span><\/p>\n<p><span>Diese Vereinbarung zielt darauf ab, einen spezialisierten, zug\u00e4nglichen und gerechten Dienst f\u00fcr pflegebed\u00fcrftige Menschen mit einer Demenzdiagnose zu gew\u00e4hrleisten. Die Unterzeichnung der Vereinbarung ist Ausdruck des festen Willens des Stadtrats, die Lebensqualit\u00e4t der am st\u00e4rksten gef\u00e4hrdeten Einwohner zu verbessern und ihre Familien zu unterst\u00fctzen.   <\/span><\/p>\n<p><span>Die Gemeinder\u00e4tin Kathaisa Rodr\u00edguez weist darauf hin, wie wichtig die Unterst\u00fctzung und Zusammenarbeit mit den notwendigen Diensten f\u00fcr abh\u00e4ngige Menschen und ihre Familien im S\u00fcden der Insel ist. &#8222;Das allgemeine Ziel des Programms &#8218;Guarecer P\u00e1jara&#8216; ist es, die Kontinuit\u00e4t einer umfassenden Betreuung von Menschen mit Demenz in der Gemeinde zu gew\u00e4hrleisten und ihre Autonomie und ihr Wohlbefinden zu f\u00f6rdern. Um dies zu erreichen, wird eine Reihe von Aktivit\u00e4ten sowohl f\u00fcr die Betroffenen als auch f\u00fcr ihre pflegenden Angeh\u00f6rigen entwickelt&#8220;, erkl\u00e4rt sie.   <\/span><\/p>\n<p><span>Der erste stellvertretende B\u00fcrgermeister Alexis Alonso unterstreicht den Wert der Zusammenarbeit zwischen Verwaltungen und Einrichtungen wie der AFFA, die f\u00fcr unsere Gesellschaft von zentraler Bedeutung sind. &#8222;Diese Vereinbarung ist ein Instrument, das das soziale Betreuungsnetz st\u00e4rkt und die Lebensqualit\u00e4t in unserer Gemeinde verbessert&#8220;, sagt er.   <\/span><\/p>\n<p><span>Der B\u00fcrgermeister von P\u00e1jara, Alejandro Jorge, unterstreicht seinerseits die Bedeutung der Unterzeichnung dieser Vereinbarung, da sie &#8222;Familien in dieser Situation helfen wird&#8220; und &#8222;das Engagement der AFFA einerseits und des Rathauses von P\u00e1jara andererseits zeigt, Vereinbarungen zum Wohle der Bev\u00f6lkerung der Gemeinde zu treffen&#8220;.  <\/span><\/p>\n<p><span>Die Pr\u00e4sidentin des AFFA-Verbandes, Teresa Cabrera Morales, ist dankbar f\u00fcr die Unterst\u00fctzung durch die Stadtverwaltung von P\u00e1jara und betont die Bedeutung dieser Art der Zusammenarbeit. &#8222;Mit dieser Initiative werden wir in der Lage sein, die Entwicklung einer personenzentrierten Pflege fortzusetzen, die ihre Rechte und Bed\u00fcrfnisse respektiert und gleichzeitig die pflegenden Familien unterst\u00fctzt&#8220;, bemerkt sie.   <\/span><\/p>\n<p><span>Geplant sind u. a. Sitzungen zur kognitiven Stimulation und emotionalen Gesundheit, Beratung und Unterst\u00fctzung bei Verfahren f\u00fcr pflegende Angeh\u00f6rige, Koordinierung mit Sozial- und Gesundheitsdiensten sowie die Einrichtung von Gruppen zur gegenseitigen Unterst\u00fctzung mit Sitzungen und Workshops, die der Selbstf\u00fcrsorge und der St\u00e4rkung des famili\u00e4ren Umfelds dienen.  <\/span><\/p>\n<\/div>\n","protected":false},"excerpt":{"rendered":"<p><i>Die mit 80.000 Euro dotierte Initiative wird eine umfassende Betreuung von Menschen mit Demenz und die Unterst\u00fctzung ihrer Familien erm\u00f6glichen.  <\/i><\/p>\n","protected":false},"author":1,"featured_media":8897,"comment_status":"open","ping_status":"open","sticky":false,"template":"","format":"standard","meta":{"inline_featured_image":false,"jnews-multi-image_gallery":[],"jnews_single_post":[],"jnews_primary_category":[],"jnews_social_meta":[],"jnews_override_counter":[],"jnews_post_split":[],"footnotes":""},"categories":[297],"tags":[216],"class_list":["post-8899","post","type-post","status-publish","format-standard","has-post-thumbnail","hentry","category-pajara-de","tag-fuerteventura-de"],"jetpack_featured_media_url":"https:\/\/informacionlocal.es\/wp-content\/uploads\/2025\/07\/affa-e1753966396548.jpeg","_links":{"self":[{"href":"https:\/\/informacionlocal.es\/de\/wp-json\/wp\/v2\/posts\/8899","targetHints":{"allow":["GET"]}}],"collection":[{"href":"https:\/\/informacionlocal.es\/de\/wp-json\/wp\/v2\/posts"}],"about":[{"href":"https:\/\/informacionlocal.es\/de\/wp-json\/wp\/v2\/types\/post"}],"author":[{"embeddable":true,"href":"https:\/\/informacionlocal.es\/de\/wp-json\/wp\/v2\/users\/1"}],"replies":[{"embeddable":true,"href":"https:\/\/informacionlocal.es\/de\/wp-json\/wp\/v2\/comments?post=8899"}],"version-history":[{"count":0,"href":"https:\/\/informacionlocal.es\/de\/wp-json\/wp\/v2\/posts\/8899\/revisions"}],"wp:featuredmedia":[{"embeddable":true,"href":"https:\/\/informacionlocal.es\/de\/wp-json\/wp\/v2\/media\/8897"}],"wp:attachment":[{"href":"https:\/\/informacionlocal.es\/de\/wp-json\/wp\/v2\/media?parent=8899"}],"wp:term":[{"taxonomy":"category","embeddable":true,"href":"https:\/\/informacionlocal.es\/de\/wp-json\/wp\/v2\/categories?post=8899"},{"taxonomy":"post_tag","embeddable":true,"href":"https:\/\/informacionlocal.es\/de\/wp-json\/wp\/v2\/tags?post=8899"}],"curies":[{"name":"wp","href":"https:\/\/api.w.org\/{rel}","templated":true}]}}