{"id":8889,"date":"2025-07-31T14:01:53","date_gmt":"2025-07-31T13:01:53","guid":{"rendered":"https:\/\/informacionlocal.es\/la-oliva-macht-fortschritte-im-kampf-um-die-wiederherstellung-der-oeffentlichen-raeume-la-tafena-und-baku\/"},"modified":"2025-07-31T14:01:53","modified_gmt":"2025-07-31T13:01:53","slug":"la-oliva-macht-fortschritte-im-kampf-um-die-wiederherstellung-der-oeffentlichen-raeume-la-tafena-und-baku","status":"publish","type":"post","link":"https:\/\/informacionlocal.es\/de\/la-oliva-macht-fortschritte-im-kampf-um-die-wiederherstellung-der-oeffentlichen-raeume-la-tafena-und-baku\/","title":{"rendered":"La Oliva macht Fortschritte im Kampf um die Wiederherstellung der \u00f6ffentlichen R\u00e4ume La Tafe\u00f1a und Baku."},"content":{"rendered":"<p>Der Stadtrat von La Oliva macht durch die Ratsmitglieder f\u00fcr Bauwesen und kommunales Erbe unter der Leitung von Juan Jos\u00e9 Rodr\u00edguez Fortschritte bei der L\u00f6sung von drei Problemen, die den Bewohnern der Gemeinde ein gro\u00dfes historisches Anliegen sind. Die Durchf\u00fchrbarkeitsstudie und die Kostenstruktur f\u00fcr den Vertrag \u00fcber die Abwasserentsorgung, die Wiederherstellung der \u00f6ffentlichen R\u00e4ume von La Tafe\u00f1a und das Baku-Gebiet in Corralejo sind die Themen, die die Gemeindeverwaltung in der Plenarsitzung dieses Monats auf den Tisch legt.   <\/p>\n<p>In diesem Zusammenhang wurden die Durchf\u00fchrbarkeitsstudie und die Kostenstruktur f\u00fcr den Abwasserentsorgungsvertrag zun\u00e4chst von den Abteilungen Contracting und \u00f6ffentliche Gesundheit genehmigt. Diese Ausschreibung wird f\u00fcr die Wartung und Instandhaltung der bestehenden Anlagen verwendet.   <\/p>\n<p>Andererseits werden rechtliche Schritte eingeleitet, um die Nutzung des so genannten \u00f6ffentlichen Platzes La Tafe\u00f1a in Corralejo wiederzuerlangen. Nach dem Auslaufen der Konzession f\u00fcr das Hotel- und Gastst\u00e4ttengewerbe und angesichts der Weigerung der Eigent\u00fcmer, den Platz zu verlassen, wird die Verwaltung geeignete Ma\u00dfnahmen ergreifen, um die R\u00fcckgabe dieses Platzes zu erm\u00f6glichen. Es sollte auch darauf hingewiesen werden, dass w\u00e4hrend der Plenarsitzung auch die ersten Schritte genehmigt wurden, um die notwendigen Schritte zur Wiederherstellung des \u00f6ffentlichen Raums des Baku zu unternehmen.    <\/p>\n<p>Der B\u00fcrgermeister von La Oliva, Isa\u00ed Blanco, betont, wie wichtig es ist, die Verfahren einzuleiten, die diese Ma\u00dfnahmen erm\u00f6glichen: &#8222;Wir kommen weiter voran, indem wir diese ersten Verfahren in der Plenarsitzung im Juli genehmigen, die es uns erm\u00f6glichen werden, einerseits die notwendigen Sanit\u00e4rdienstleistungen f\u00fcr die Gemeinde zu erhalten, w\u00e4hrend wir andererseits mit der Wiederherstellung von zwei der wichtigsten \u00f6ffentlichen R\u00e4ume in Corralejo fortfahren&#8220;.  <\/p>\n<p>Juan Jos\u00e9 Rodr\u00edguez, Stadtrat f\u00fcr Bauwesen und kommunales Verm\u00f6gen, betont: &#8222;Die Tatsache, dass wir das Generalsekretariat in unserem Rathaus haben, erm\u00f6glicht es uns, historische Probleme in unserer Gemeinde anzugehen. Aus dem Bereich des kommunalen Kulturerbes ist neben dem Tafe\u00f1a-Gebiet ein weiteres Thema, das wir dem Plenum vorlegen, das Baku-Gebiet, bei dem wir das Auslaufen des vor einiger Zeit genehmigten Dossiers beschlossen haben, was uns erm\u00f6glichen wird, voraussichtlich in der September-Plenarsitzung den Beschluss zu fassen, die notwendigen Schritte zur Restaurierung dieses Gebietes einzuleiten&#8220;.  <\/p>\n<p>Abschlie\u00dfend sagte der stellvertretende B\u00fcrgermeister Julio Santana: &#8222;In der heutigen Plenarsitzung haben wir drei sehr wichtige Punkte behandelt, die wir von Anfang an als Ziel der Regierungsgruppe hatten. Einer davon ist der Vertrag \u00fcber die Abwasserentsorgung, in dem die wirtschaftliche Struktur genehmigt wurde, um diesen Vertrag endlich abzuschlie\u00dfen, damit sie uns den Abwasserservice bieten k\u00f6nnen, den wir in unserer Gemeinde wirklich brauchen&#8220;.<\/p>\n","protected":false},"excerpt":{"rendered":"<p><span>Das Konsistorium unternimmt die ersten Schritte zur Sanierung und Wiederherstellung \u00f6ffentlicher Pl\u00e4tze w\u00e4hrend der Plenarsitzung im Juli<\/span><\/p>\n","protected":false},"author":1,"featured_media":8885,"comment_status":"open","ping_status":"open","sticky":false,"template":"","format":"standard","meta":{"inline_featured_image":false,"jnews-multi-image_gallery":[],"jnews_single_post":[],"jnews_primary_category":[],"jnews_social_meta":[],"jnews_override_counter":[],"jnews_post_split":[],"footnotes":""},"categories":[291],"tags":[246],"class_list":["post-8889","post","type-post","status-publish","format-standard","has-post-thumbnail","hentry","category-la-oliva-de","tag-formalitaten"],"jetpack_featured_media_url":"https:\/\/informacionlocal.es\/wp-content\/uploads\/2025\/07\/5228_7a85f061.png","_links":{"self":[{"href":"https:\/\/informacionlocal.es\/de\/wp-json\/wp\/v2\/posts\/8889","targetHints":{"allow":["GET"]}}],"collection":[{"href":"https:\/\/informacionlocal.es\/de\/wp-json\/wp\/v2\/posts"}],"about":[{"href":"https:\/\/informacionlocal.es\/de\/wp-json\/wp\/v2\/types\/post"}],"author":[{"embeddable":true,"href":"https:\/\/informacionlocal.es\/de\/wp-json\/wp\/v2\/users\/1"}],"replies":[{"embeddable":true,"href":"https:\/\/informacionlocal.es\/de\/wp-json\/wp\/v2\/comments?post=8889"}],"version-history":[{"count":0,"href":"https:\/\/informacionlocal.es\/de\/wp-json\/wp\/v2\/posts\/8889\/revisions"}],"wp:featuredmedia":[{"embeddable":true,"href":"https:\/\/informacionlocal.es\/de\/wp-json\/wp\/v2\/media\/8885"}],"wp:attachment":[{"href":"https:\/\/informacionlocal.es\/de\/wp-json\/wp\/v2\/media?parent=8889"}],"wp:term":[{"taxonomy":"category","embeddable":true,"href":"https:\/\/informacionlocal.es\/de\/wp-json\/wp\/v2\/categories?post=8889"},{"taxonomy":"post_tag","embeddable":true,"href":"https:\/\/informacionlocal.es\/de\/wp-json\/wp\/v2\/tags?post=8889"}],"curies":[{"name":"wp","href":"https:\/\/api.w.org\/{rel}","templated":true}]}}