{"id":8877,"date":"2025-07-31T09:58:27","date_gmt":"2025-07-31T08:58:27","guid":{"rendered":"https:\/\/informacionlocal.es\/der-inselrat-von-fuerteventura-die-kanarische-regierung-und-die-gemeinderaete-machen-fortschritte-bei-der-neuen-trasse-der-strasse-cuchillete-matas-blancas\/"},"modified":"2025-07-31T09:58:27","modified_gmt":"2025-07-31T08:58:27","slug":"der-inselrat-von-fuerteventura-die-kanarische-regierung-und-die-gemeinderaete-machen-fortschritte-bei-der-neuen-trasse-der-strasse-cuchillete-matas-blancas","status":"publish","type":"post","link":"https:\/\/informacionlocal.es\/de\/der-inselrat-von-fuerteventura-die-kanarische-regierung-und-die-gemeinderaete-machen-fortschritte-bei-der-neuen-trasse-der-strasse-cuchillete-matas-blancas\/","title":{"rendered":"Der Inselrat von Fuerteventura, die Kanarische Regierung und die Gemeinder\u00e4te machen Fortschritte bei der neuen Trasse der Stra\u00dfe Cuchillete-Matas Blancas."},"content":{"rendered":"<div class=\"entry-content\"><strong>31. Juli, 2025<\/strong><\/p>\n<p><\/p>\n<ul>\n<li><em>Der Vorschlag ber\u00fccksichtigt die Forderungen des Cabildo, der Stadtverwaltungen<br \/>\nund der Nachbarn<br \/>\nnach einem Prozess der technischen \u00dcberpr\u00fcfung<br \/>\nund des institutionellen Dialogs.<\/em><\/li>\n<li><em>Dieses Treffen ist das zweite, das mit den Nachbarn und<br \/>\nabgehalten wird, um sie \u00fcber die Entwicklung des Projekts zu informieren und ihre<br \/>\nBeteiligung vor dem \u00f6ffentlichen Informationsprozess zu erleichtern.<\/em><\/li>\n<li><em><br \/>\nDie Infrastruktur<br \/>\n, die f\u00fcr die Nord-S\u00fcd-Achse von zentraler Bedeutung ist, wird die Verkehrsanbindung und die Stra\u00dfensicherheit auf Fuerteventura durch eine nachhaltigere und einvernehmliche Investition verbessern<br \/>\n.<\/em><\/li>\n<\/ul>\n<p>Die Pr\u00e4sidentin<br \/>\ndes Cabildo von Fuerteventura, Lola Garc\u00eda, und der Minister f\u00fcr \u00f6ffentliche Arbeiten,<br \/>\nWohnen und Mobilit\u00e4t der Regierung der Kanarischen Inseln, Pablo Rodr\u00edguez, hielten am Dienstag ein Arbeitstreffen<br \/>\nmit der Pr\u00e4sidentin des Cabildo von Fuerteventura, Lola Garc\u00eda, der B\u00fcrgermeisterin von Tuineje, Candelaria Umpi\u00e9rrez, und dem B\u00fcrgermeister von P\u00e1jara, Alejandro Jorge,<br \/>\nzusammen mit ihren jeweiligen Teams und den Anwohnern, um den neuen<br \/>\nPlan des Stra\u00dfenprojekts Cuchillete-Matas Blancas vorzustellen, eine der wichtigsten Ma\u00dfnahmen der Nord-S\u00fcd-Achse<br \/>\nder Insel.<\/p>\n<p>Dieser aktualisierte Vorschlag<br \/>\nist das Ergebnis<br \/>\neines technischen und zwischenbeh\u00f6rdlichen Dialogs<br \/>\n, der die<br \/>\nvorsorgliche Aussetzung der vorangegangenen geotechnischen Kampagne, eine \u00dcberpr\u00fcfung der<br \/>\nAlternativen durch die Generaldirektion f\u00fcr Stra\u00dfeninfrastruktur und<br \/>\nverschiedene institutionelle Treffen umfasste. Dies ist das zweite Treffen<br \/>\nmit den Anrainern nach dem Treffen im Februar,<br \/>\nbei dem ihre Vorschl\u00e4ge und<br \/>\nBedenken gesammelt wurden, und das zus\u00e4tzlich zu den zahlreichen Treffen mit dem<br \/>\nCabildo de Fuerteventura und den Gemeinder\u00e4ten seit Beginn der Legislaturperiode stattfand. <\/p>\n<p><strong>Eine Infrastruktur f\u00fcr die Zukunft Fuerteventuras<\/strong><\/p>\n<p>Die neue Strecke<br \/>\nsieht insgesamt 21 Kilometer Hochleistungsstra\u00dfe mit zwei Fahrspuren (<br \/>\n) und Seitenstreifen, einen etwa 500 Meter langen Tunnel zwischen den<br \/>\nSchluchten von Tarajal de Sancho und Guerepe sowie f\u00fcnf neue Anschlussstellen vor, die<br \/>\ndie Anbindung an die strategischen Kerne der Insel erleichtern: Gran Tarajal,<br \/>\nMazacote, Giniginamar, Tarajalejo und La Lajita.<\/p>\n<p>Das Projekt<br \/>\nist in vier Abschnitte unterteilt: Abschnitt<br \/>\n1 (von Kilometerpunkt 0+000<br \/>\nbis 5+000) basiert auf der derzeitigen Trasse<br \/>\nder FV-2, wobei die Inanspruchnahme von Grund und Boden minimiert wird, mit einer<\/p>\n<p>\nspezifische Geschwindigkeit von 120 km\/h und Verbesserungen der Zufahrten zum Industriegebiet von<br \/>\nCuchillete. Abschnitt 2 (5+000 bis 13+350) entfernt sich von der derzeitigen Trasse, um<br \/>\neine Beeintr\u00e4chtigung von Wohnh\u00e4usern zu vermeiden, mit einer Geschwindigkeit von 100 km\/h,<br \/>\nund beinhaltet wichtige Verbindungen<br \/>\n, um den Zugang zu den K\u00fcstenorten<br \/>\nwie Tarajalejo und La Lajita sowie zum Inselinneren zu erleichtern. Der<br \/>\nAbschnitt 3 (13+350 bis 16+100) umfasst die \u00dcberquerung der Tarajal-Schlucht bei<br \/>\nSancho, wobei die parallel zur FV-56 verlaufende Alternative verworfen wurde, um landwirtschaftliche und Wohngebiete<br \/>\nzu sch\u00fctzen. Abschnitt 4 (16+100 bis 21+300) schlie\u00dflich beginnt<br \/>\nmit dem Bau eines Tunnels und verbindet sich mit der FV-2 bei<br \/>\nMatas Blancas, wobei die Orographie der Guerepe-Schlucht<br \/>\ngenutzt wird, um sich besser in die Umgebung zu integrieren, ohne Geb\u00e4ude zu beeintr\u00e4chtigen.   <\/p>\n<p>Der neue Plan<br \/>\ndes Stra\u00dfenbauprojekts Cuchillete-Matas Blancas wird<br \/>\nzur \u00f6ffentlichen Information vorgelegt, ein grundlegender Schritt, der es den B\u00fcrgern und<br \/>\ninteressierten Verwaltungen erm\u00f6glicht, Behauptungen vorzubringen, Anmerkungen zu machen oder<br \/>\nZweifel an dem Dokument zu \u00e4u\u00dfern.<\/p>\n<p><strong>Dialog,<br \/>\nKonsens und Nachhaltigkeit<\/strong><\/p>\n<p>Die Pr\u00e4sidentin des<br \/>\nCabildo, Lola Garc\u00eda, erinnerte daran, dass &#8222;wir uns im Februar mit<br \/>\nden Bewohnern von Tuineje und P\u00e1jara getroffen haben, um uns ihre Sorgen und<br \/>\nBeitr\u00e4ge zur Trasse der Nord-S\u00fcd-Achse anzuh\u00f6ren. Heute m\u00f6chten wir der<br \/>\nConsejer\u00eda de Obras P\u00fablicas, dem Stadtrat Pablo Rodr\u00edguez und seinem gesamten Team<br \/>\nf\u00fcr ihr Engagement danken: Sie sind nach Fuerteventura zur\u00fcckgekehrt, um einen aktualisierten und abgestimmten Vorschlag<br \/>\nf\u00fcr den Abschnitt Cuchilletes-Matas Blancas vorzulegen, wie<br \/>\nversprochen hatte. Diese Strecke muss Teil des n\u00e4chsten bilateralen Abkommens zwischen<br \/>\ndem Staat und den Kanarischen Inseln sein, da sie f\u00fcr die Strukturierung Fuerteventuras von entscheidender Bedeutung ist.<br \/>\nWir sind zuversichtlich, dass wir nach diesen Treffen mit der \u00d6ffentlichkeit<br \/>\neine endg\u00fcltige L\u00f6sung finden werden, die von allen unterst\u00fctzt wird&#8220;.  <\/p>\n<p>W\u00e4hrend des Treffens<br \/>\nbetonte Pablo Rodr\u00edguez, dass &#8222;f\u00fcr die Regierung der Kanarischen Inseln die<br \/>\nVerwirklichung der Nord-S\u00fcd-Achse auf der Insel Fuerteventura eine strategische Priorit\u00e4t darstellt<br \/>\n. Es handelt sich um eine wichtige Infrastruktur, die das R\u00fcckgrat des Territoriums bildet, die Mobilit\u00e4t der Insel<br \/>\nverbessert und eine historische Forderung der B\u00fcrger<br \/>\nmajorera&#8220; erf\u00fcllt. <\/p>\n<p>&#8222;Der Abschnitt<br \/>\nCuchilletes-Mata Blanca, der durch die Gemeinden P\u00e1jara und Tuineje f\u00fchrt, ist<br \/>\neiner der wichtigsten Abschnitte der Strecke. Dies ist das zweite Treffen, das<br \/>\nmit den Bewohnern abgehalten hat, um ihnen zuzuh\u00f6ren und um zu sehen, wie wir<br \/>\ndie Notwendigkeit,<br \/>\nPunkte der Insel zu verbinden, die bisher nicht<br \/>\nzug\u00e4nglich waren, und die Auswirkungen, die dies auf die Bewohner haben k\u00f6nnte, miteinander verbinden k\u00f6nnen.<br \/>\nWir verstehen keinen anderen Weg als diesen, um zu arbeiten: die Interessen von<br \/>\nallen zusammenzubringen und einen Plan zu erstellen, der allen Kanarenbewohnern und<br \/>\ncanarias zugute kommt&#8220;, f\u00fcgte Rodr\u00edguez hinzu. <\/p>\n<h1>KOMMUNIKATION<\/h1>\n<p>Sowohl die B\u00fcrgermeisterin<br \/>\nvon Tuineje, Candelaria Umpi\u00e9rrez, als auch der B\u00fcrgermeister von P\u00e1jara, Alejandro Jorge, w\u00fcrdigten die Anwesenheit<br \/>\ndes technischen Teams der Kanarischen Regierung unter der Leitung des Ratsmitglieds bei der Arbeitssitzung<br \/>\nauf der Insel,<br \/>\nwobei sie auch die Unterst\u00fctzung durch das Cabildo von Fuerteventura hervorhoben.<\/p>\n<p>Beide<br \/>\nhaben darauf bestanden, dass dieses Treffen ihnen die M\u00f6glichkeit gibt, die Beitr\u00e4ge und Vorschl\u00e4ge weiterzuverfolgen, die die Nachbarn<br \/>\nbei dem vorangegangenen Treffen gemacht haben, bei dem sie ihre Bedenken<br \/>\n\u00fcber die urspr\u00fcnglich vorgeschlagene Trasse f\u00fcr den Abschnitt Cuchilletes-Mata Blanca<br \/>\nder Nord-S\u00fcd-Achse zum Ausdruck brachten.<\/p>\n<p>Mit diesem neuen Vorschlag<br \/>\nmacht die Regierung der Kanarischen Inseln Fortschritte in ihrer Verpflichtung, moderne und nachhaltige Stra\u00dfeninfrastrukturen zu schaffen, die vollst\u00e4ndig an die Gegebenheiten der Inseln angepasst sind.\n<\/p>\n<\/div>\n","protected":false},"excerpt":{"rendered":"<p>31. Juli, 2025 Der Vorschlag ber\u00fccksichtigt die Forderungen des Cabildo, der Stadtverwaltungen und der Nachbarn nach einem Prozess der technischen \u00dcberpr\u00fcfung und des institutionellen Dialogs. Dieses Treffen ist das zweite, [&hellip;]<\/p>\n","protected":false},"author":1,"featured_media":8873,"comment_status":"open","ping_status":"open","sticky":false,"template":"","format":"standard","meta":{"inline_featured_image":false,"jnews-multi-image_gallery":[],"jnews_single_post":[],"jnews_primary_category":[],"jnews_social_meta":[],"jnews_override_counter":[],"jnews_post_split":[],"footnotes":""},"categories":[287],"tags":[216,196],"class_list":["post-8877","post","type-post","status-publish","format-standard","has-post-thumbnail","hentry","category-cabildo-de","tag-fuerteventura-de","tag-gemeinden"],"jetpack_featured_media_url":"https:\/\/informacionlocal.es\/wp-content\/uploads\/2025\/07\/20250730-reunion-consejero-obras-publicas-gobcan_autovia_20250730_pablo_rodriguez_reunion_autovia-16-2-scaled.jpg","_links":{"self":[{"href":"https:\/\/informacionlocal.es\/de\/wp-json\/wp\/v2\/posts\/8877","targetHints":{"allow":["GET"]}}],"collection":[{"href":"https:\/\/informacionlocal.es\/de\/wp-json\/wp\/v2\/posts"}],"about":[{"href":"https:\/\/informacionlocal.es\/de\/wp-json\/wp\/v2\/types\/post"}],"author":[{"embeddable":true,"href":"https:\/\/informacionlocal.es\/de\/wp-json\/wp\/v2\/users\/1"}],"replies":[{"embeddable":true,"href":"https:\/\/informacionlocal.es\/de\/wp-json\/wp\/v2\/comments?post=8877"}],"version-history":[{"count":0,"href":"https:\/\/informacionlocal.es\/de\/wp-json\/wp\/v2\/posts\/8877\/revisions"}],"wp:featuredmedia":[{"embeddable":true,"href":"https:\/\/informacionlocal.es\/de\/wp-json\/wp\/v2\/media\/8873"}],"wp:attachment":[{"href":"https:\/\/informacionlocal.es\/de\/wp-json\/wp\/v2\/media?parent=8877"}],"wp:term":[{"taxonomy":"category","embeddable":true,"href":"https:\/\/informacionlocal.es\/de\/wp-json\/wp\/v2\/categories?post=8877"},{"taxonomy":"post_tag","embeddable":true,"href":"https:\/\/informacionlocal.es\/de\/wp-json\/wp\/v2\/tags?post=8877"}],"curies":[{"name":"wp","href":"https:\/\/api.w.org\/{rel}","templated":true}]}}