{"id":8864,"date":"2025-07-30T22:58:29","date_gmt":"2025-07-30T21:58:29","guid":{"rendered":"https:\/\/informacionlocal.es\/die-gastronomische-messe-sabor-a-castillo-findet-am-30-und-31-juli-in-caleta-de-fuste-statt\/"},"modified":"2025-07-30T22:58:29","modified_gmt":"2025-07-30T21:58:29","slug":"die-gastronomische-messe-sabor-a-castillo-findet-am-30-und-31-juli-in-caleta-de-fuste-statt","status":"publish","type":"post","link":"https:\/\/informacionlocal.es\/de\/die-gastronomische-messe-sabor-a-castillo-findet-am-30-und-31-juli-in-caleta-de-fuste-statt\/","title":{"rendered":"Die gastronomische Messe &#8218;Sabor a Castillo&#8216; findet am 30. und 31. Juli in Caleta de Fuste statt."},"content":{"rendered":"<div class=\"entry-content\"><strong>30. Juli, 2025<\/strong><\/p>\n<p><em><strong>Der Unternehmerverband von El Castillo und das Cabildo von Fuerteventura er\u00f6ffnen die Messe mit Aromen aus aller Welt und verschiedenen Aktivit\u00e4ten<\/strong><\/em><\/p>\n<p>Der Unternehmerverband von El Castillo (Aeca) hat heute den Startschuss f\u00fcr die internationale Gastronomiemesse Sabor a Castillo gegeben, die von der Handelsabteilung der Inselregierung Fuerteventuras unter der Leitung von Lolina Negr\u00edn finanziert wird. Die Veranstaltung findet am 30. und 31. Juli auf dem Platz von Caleta de Fuste in der Gemeinde Antigua in Zusammenarbeit mit der Stadtverwaltung statt. <\/p>\n<p>Die Veranstaltung bietet eine Vielzahl von Aktivit\u00e4ten, wie z. B. einen Food Truck-Bereich mit Aromen aus aller Welt, einen gastronomischen Markt, internationale Showcooking-Bereiche, Live-Konzerte und Aktivit\u00e4ten f\u00fcr alle Zielgruppen. Die Veranstaltung zeichnet sich auch dadurch aus, dass sie auf der Grundlage eines partizipativen Vorschlags unter Beteiligung von Aeca-Mitgliedern, Einwohnern und lokalen Vereinigungen von Caleta de Fuste entstanden ist. <\/p>\n<p>Der Pr\u00e4sident von Aeca, Eduard Van Der Veen, begr\u00fc\u00dfte das Publikum &#8222;zu einer Veranstaltung mit einem breit gef\u00e4cherten Programm, das vor allem das Null-Kilometer-Produkt der Gemeinde hervorhebt, im Rahmen der Arbeit des Vereins zur Verbesserung der Situation des lokalen Handels im Gebiet von El Castillo und der Gemeinde&#8220;.<\/p>\n<p>Die Pr\u00e4sidentin des Cabildo, Lola Garc\u00eda, unterstreicht das feste Engagement der Inselgesellschaft f\u00fcr die F\u00f6rderung des lokalen Handels, da dieser &#8222;die Lebensgrundlage vieler Familien und die Basis der wirtschaftlichen Aktivit\u00e4t auf der Insel&#8220; sei. Sie unterstreicht auch das Engagement des Cabildo f\u00fcr Initiativen wie diese, die offene Gewerbegebiete f\u00f6rdern, wirtschaftliche Aktivit\u00e4t erzeugen und zum sozialen Zusammenhalt der Insel beitragen. <\/p>\n<p>Die Stadtr\u00e4tin f\u00fcr Handel, Lolina Negr\u00edn, weist ihrerseits darauf hin, dass Sabor a Castillo mehr als nur ein gastronomisches Ereignis ist, denn es ist ein Fest der Multikulturalit\u00e4t und ein wichtiger Impuls f\u00fcr das Gesch\u00e4ftsviertel von Caleta de Fuste. Von Seiten des Handelsministeriums, so die Stadtr\u00e4tin, werden wir weiterhin die Projekte zur Wiederbelebung des Handels unterst\u00fctzen, die von den Verb\u00e4nden in den verschiedenen Gemeinden Fuerteventuras entwickelt wurden. <\/p>\n<p>Der B\u00fcrgermeister von Antigua, Mat\u00edas Pe\u00f1a, dr\u00fcckte die Bereitschaft des Rathauses aus, &#8222;diese Art von Initiative des Handelsministeriums unter der Leitung von Giuseppe Signorino zu unterst\u00fctzen, der eine gro\u00dfartige Arbeit leistet&#8220;.<\/p>\n<\/div>\n","protected":false},"excerpt":{"rendered":"<p>30. Juli, 2025 Der Unternehmerverband von El Castillo und das Cabildo von Fuerteventura er\u00f6ffnen die Messe mit Aromen aus aller Welt und verschiedenen Aktivit\u00e4ten Der Unternehmerverband von El Castillo (Aeca) [&hellip;]<\/p>\n","protected":false},"author":1,"featured_media":8861,"comment_status":"open","ping_status":"open","sticky":false,"template":"","format":"standard","meta":{"inline_featured_image":false,"jnews-multi-image_gallery":[],"jnews_single_post":[],"jnews_primary_category":[],"jnews_social_meta":[],"jnews_override_counter":[],"jnews_post_split":[],"footnotes":""},"categories":[287],"tags":[216,196],"class_list":["post-8864","post","type-post","status-publish","format-standard","has-post-thumbnail","hentry","category-cabildo-de","tag-fuerteventura-de","tag-gemeinden"],"jetpack_featured_media_url":"https:\/\/informacionlocal.es\/wp-content\/uploads\/2025\/07\/dfdf.jpeg","_links":{"self":[{"href":"https:\/\/informacionlocal.es\/de\/wp-json\/wp\/v2\/posts\/8864","targetHints":{"allow":["GET"]}}],"collection":[{"href":"https:\/\/informacionlocal.es\/de\/wp-json\/wp\/v2\/posts"}],"about":[{"href":"https:\/\/informacionlocal.es\/de\/wp-json\/wp\/v2\/types\/post"}],"author":[{"embeddable":true,"href":"https:\/\/informacionlocal.es\/de\/wp-json\/wp\/v2\/users\/1"}],"replies":[{"embeddable":true,"href":"https:\/\/informacionlocal.es\/de\/wp-json\/wp\/v2\/comments?post=8864"}],"version-history":[{"count":0,"href":"https:\/\/informacionlocal.es\/de\/wp-json\/wp\/v2\/posts\/8864\/revisions"}],"wp:featuredmedia":[{"embeddable":true,"href":"https:\/\/informacionlocal.es\/de\/wp-json\/wp\/v2\/media\/8861"}],"wp:attachment":[{"href":"https:\/\/informacionlocal.es\/de\/wp-json\/wp\/v2\/media?parent=8864"}],"wp:term":[{"taxonomy":"category","embeddable":true,"href":"https:\/\/informacionlocal.es\/de\/wp-json\/wp\/v2\/categories?post=8864"},{"taxonomy":"post_tag","embeddable":true,"href":"https:\/\/informacionlocal.es\/de\/wp-json\/wp\/v2\/tags?post=8864"}],"curies":[{"name":"wp","href":"https:\/\/api.w.org\/{rel}","templated":true}]}}