{"id":8828,"date":"2025-07-30T19:59:04","date_gmt":"2025-07-30T18:59:04","guid":{"rendered":"https:\/\/informacionlocal.es\/das-cabildo-platziert-poller-zur-fahrbahntrennung-in-cuesta-la-pared-la-lajita\/"},"modified":"2025-07-30T19:59:04","modified_gmt":"2025-07-30T18:59:04","slug":"das-cabildo-platziert-poller-zur-fahrbahntrennung-in-cuesta-la-pared-la-lajita","status":"publish","type":"post","link":"https:\/\/informacionlocal.es\/de\/das-cabildo-platziert-poller-zur-fahrbahntrennung-in-cuesta-la-pared-la-lajita\/","title":{"rendered":"Das Cabildo platziert Poller zur Fahrbahntrennung in Cuesta La Pared, La Lajita"},"content":{"rendered":"<div class=\"entry-content\"><strong>30. Juli, 2025<\/strong><\/p>\n<p><em><strong>Diese Einrichtungen vervollst\u00e4ndigen die Sanierung der Fahrbahndecke der Langsamfahrstellen auf diesem Abschnitt, die den Aquaplaning-Effekt verhindern.<\/strong><\/em><\/p>\n<p>Das Stra\u00dfenbauamt von Fuerteventura hat auf der FV-2 in La Lajita, im Bereich der Cuesta de La Pared, Poller zur Fahrbahntrennung installiert. Diese Installationen erg\u00e4nzen die bereits durchgef\u00fchrten Sanierungsarbeiten an der Fahrbahnoberfl\u00e4che der langsamen Fahrspuren. <\/p>\n<p>Die FV-2 ist eine strategische Stra\u00dfe f\u00fcr die Kommunikation und die Wirtschaft im S\u00fcden Fuerteventuras, insbesondere der Abschnitt, der in dieser Aktion bearbeitet wurde, zwischen den Kilometern 58,2 und 59,2, da es sich um einen von Einwohnern und Touristen stark genutzten Abschnitt handelt, der Zugang zu einem der wichtigsten G\u00fcter der Insel, der Oasis Wildlife, bietet.<\/p>\n<p>Die Pr\u00e4sidentin des Cabildo, Lola Garc\u00eda, unterstreicht den Wert der Arbeiten am Stra\u00dfennetz der Insel, in diesem Fall an einer strategischen Stra\u00dfe f\u00fcr die Kommunikation und die Wirtschaft im S\u00fcden der Insel.<\/p>\n<p>Die Stra\u00dfenmeisterei unter der Leitung von Blas Acosta widmet der optimalen Instandhaltung des asphaltierten Stra\u00dfennetzes von Fuerteventura besondere Aufmerksamkeit, denn &#8222;Investitionen in die Sicherheit und den Komfort der Arbeiter und Transporteure, die es t\u00e4glich benutzen, wirken sich auf die Entwicklung der wirtschaftlichen Aktivit\u00e4ten der Region und die guten Erfahrungen der Touristen aus&#8220;.<\/p>\n<p>Die jetzt installierten Fahrbahntrennungspoller bauen auf den Arbeiten auf, die bereits zur Sanierung der Fahrbahndecke auf den Langsamfahrstellen der FV-2 bei La Lajita durchgef\u00fchrt wurden. Zu diesem Zweck wurde zwischen den Kilometern 58,2 und 59,2 (Kurven von La Lajita) ein Mischgut des Typs SMA-11 verwendet, um die auf diesem Abschnitt am h\u00e4ufigsten auftretenden Probleme, insbesondere Aquaplaning, zu l\u00f6sen. <\/p>\n<\/div>\n","protected":false},"excerpt":{"rendered":"<p>30. Juli, 2025 Diese Einrichtungen vervollst\u00e4ndigen die Sanierung der Fahrbahndecke der Langsamfahrstellen auf diesem Abschnitt, die den Aquaplaning-Effekt verhindern. Das Stra\u00dfenbauamt von Fuerteventura hat auf der FV-2 in La Lajita, [&hellip;]<\/p>\n","protected":false},"author":1,"featured_media":8825,"comment_status":"open","ping_status":"open","sticky":false,"template":"","format":"standard","meta":{"inline_featured_image":false,"jnews-multi-image_gallery":[],"jnews_single_post":[],"jnews_primary_category":[],"jnews_social_meta":[],"jnews_override_counter":[],"jnews_post_split":[],"footnotes":""},"categories":[287],"tags":[216],"class_list":["post-8828","post","type-post","status-publish","format-standard","has-post-thumbnail","hentry","category-cabildo-de","tag-fuerteventura-de"],"jetpack_featured_media_url":"https:\/\/informacionlocal.es\/wp-content\/uploads\/2025\/07\/rdfrf.jpeg","_links":{"self":[{"href":"https:\/\/informacionlocal.es\/de\/wp-json\/wp\/v2\/posts\/8828","targetHints":{"allow":["GET"]}}],"collection":[{"href":"https:\/\/informacionlocal.es\/de\/wp-json\/wp\/v2\/posts"}],"about":[{"href":"https:\/\/informacionlocal.es\/de\/wp-json\/wp\/v2\/types\/post"}],"author":[{"embeddable":true,"href":"https:\/\/informacionlocal.es\/de\/wp-json\/wp\/v2\/users\/1"}],"replies":[{"embeddable":true,"href":"https:\/\/informacionlocal.es\/de\/wp-json\/wp\/v2\/comments?post=8828"}],"version-history":[{"count":0,"href":"https:\/\/informacionlocal.es\/de\/wp-json\/wp\/v2\/posts\/8828\/revisions"}],"wp:featuredmedia":[{"embeddable":true,"href":"https:\/\/informacionlocal.es\/de\/wp-json\/wp\/v2\/media\/8825"}],"wp:attachment":[{"href":"https:\/\/informacionlocal.es\/de\/wp-json\/wp\/v2\/media?parent=8828"}],"wp:term":[{"taxonomy":"category","embeddable":true,"href":"https:\/\/informacionlocal.es\/de\/wp-json\/wp\/v2\/categories?post=8828"},{"taxonomy":"post_tag","embeddable":true,"href":"https:\/\/informacionlocal.es\/de\/wp-json\/wp\/v2\/tags?post=8828"}],"curies":[{"name":"wp","href":"https:\/\/api.w.org\/{rel}","templated":true}]}}