{"id":8803,"date":"2025-07-30T17:59:04","date_gmt":"2025-07-30T16:59:04","guid":{"rendered":"https:\/\/informacionlocal.es\/pajara-vergibt-den-auftrag-fuer-die-urbanisierung-von-la-pared-fuer-fast-fuenf-millionen-euro\/"},"modified":"2025-07-30T17:59:04","modified_gmt":"2025-07-30T16:59:04","slug":"pajara-vergibt-den-auftrag-fuer-die-urbanisierung-von-la-pared-fuer-fast-fuenf-millionen-euro","status":"publish","type":"post","link":"https:\/\/informacionlocal.es\/de\/pajara-vergibt-den-auftrag-fuer-die-urbanisierung-von-la-pared-fuer-fast-fuenf-millionen-euro\/","title":{"rendered":"P\u00e1jara vergibt den Auftrag f\u00fcr die Urbanisierung von La Pared f\u00fcr fast f\u00fcnf Millionen Euro"},"content":{"rendered":"<div class=\"entry-content\">\n<p><b><i>Das Projekt sieht eine vollst\u00e4ndige Umgestaltung des Stadtzentrums mit Verbesserungen der Basisinfrastrukturen, der Beleuchtung, der Asphaltierung und der Zug\u00e4nglichkeit vor.  <\/i><\/b><\/p>\n<p><span>Das Rathaus von P\u00e1jara hat den Auftrag f\u00fcr die Urbanisierungsarbeiten in der Ortschaft La Pared vergeben. Es handelt sich um eine Ma\u00dfnahme mit einem Budget von fast f\u00fcnf Millionen Euro, mit der die st\u00e4dtischen Infrastrukturen der Ortschaft umgestaltet und modernisiert werden sollen.  <\/span><\/p>\n<p><span>Mit diesem Projekt bekr\u00e4ftigt das Konsistorium sein Engagement f\u00fcr die Verbesserung der Lebensqualit\u00e4t der Einwohner der Gemeinde und f\u00fcr die Optimierung der \u00f6ffentlichen Dienstleistungen.  <\/span><\/p>\n<p><span>Der erste stellvertretende B\u00fcrgermeister und Stadtrat f\u00fcr Bauwesen, Alexis Alonso, hebt die Auswirkungen hervor, die diese Ma\u00dfnahmen auf die Stadt haben werden. &#8222;Die Ma\u00dfnahmen werden das st\u00e4dtische Umfeld des Gebiets ver\u00e4ndern und historische Defizite in der Grundversorgung beheben. Wir setzen uns f\u00fcr ein zug\u00e4nglicheres, modernes und nachhaltiges Stadtmodell ein&#8220;, sagt er.   <\/span><\/p>\n<p><span>Der B\u00fcrgermeister von P\u00e1jara, Alejandro Jorge, unterstreicht seinerseits die strategische Bedeutung dieser Ma\u00dfnahme. &#8222;La Pared brauchte schon seit Jahren eine Ma\u00dfnahme dieser Gr\u00f6\u00dfenordnung. Wir kommen damit unserer institutionellen Verantwortung nach, allen Ortschaften der Gemeinde moderne und funktionelle Infrastrukturen zur Verf\u00fcgung zu stellen&#8220;, sagt er.   <\/span><\/p>\n<p><span>Die Arbeiten, die in der Plenarsitzung im vergangenen Februar genehmigt wurden, umfassen eine umfassende Reform, die die Renovierung von B\u00fcrgersteigen und Gehwegen, die Verlegung neuer Pflastersteine, die Verbesserung des Wasserversorgungsnetzes, den Austausch veralteter Leitungen, die Aktualisierung des Stromnetzes, die Installation neuer Stra\u00dfenlaternen und die vollst\u00e4ndige Asphaltierung der Stra\u00dfen im Stadtzentrum beinhaltet.  <\/span><\/p>\n<\/div>\n","protected":false},"excerpt":{"rendered":"<p><i>Das Projekt sieht eine vollst\u00e4ndige Umgestaltung des Stadtzentrums mit Verbesserungen der Basisinfrastrukturen, der Beleuchtung, der Asphaltierung und der Zug\u00e4nglichkeit vor.  <\/i><\/p>\n","protected":false},"author":1,"featured_media":8801,"comment_status":"open","ping_status":"open","sticky":false,"template":"","format":"standard","meta":{"inline_featured_image":false,"jnews-multi-image_gallery":[],"jnews_single_post":[],"jnews_primary_category":[],"jnews_social_meta":[],"jnews_override_counter":[],"jnews_post_split":[],"footnotes":""},"categories":[297],"tags":[340,197],"class_list":["post-8803","post","type-post","status-publish","format-standard","has-post-thumbnail","hentry","category-pajara-de","tag-infrastruktur-de","tag-offentliche-dienste"],"jetpack_featured_media_url":"https:\/\/informacionlocal.es\/wp-content\/uploads\/2025\/07\/pleno-3007-e1753874594222.jpeg","_links":{"self":[{"href":"https:\/\/informacionlocal.es\/de\/wp-json\/wp\/v2\/posts\/8803","targetHints":{"allow":["GET"]}}],"collection":[{"href":"https:\/\/informacionlocal.es\/de\/wp-json\/wp\/v2\/posts"}],"about":[{"href":"https:\/\/informacionlocal.es\/de\/wp-json\/wp\/v2\/types\/post"}],"author":[{"embeddable":true,"href":"https:\/\/informacionlocal.es\/de\/wp-json\/wp\/v2\/users\/1"}],"replies":[{"embeddable":true,"href":"https:\/\/informacionlocal.es\/de\/wp-json\/wp\/v2\/comments?post=8803"}],"version-history":[{"count":0,"href":"https:\/\/informacionlocal.es\/de\/wp-json\/wp\/v2\/posts\/8803\/revisions"}],"wp:featuredmedia":[{"embeddable":true,"href":"https:\/\/informacionlocal.es\/de\/wp-json\/wp\/v2\/media\/8801"}],"wp:attachment":[{"href":"https:\/\/informacionlocal.es\/de\/wp-json\/wp\/v2\/media?parent=8803"}],"wp:term":[{"taxonomy":"category","embeddable":true,"href":"https:\/\/informacionlocal.es\/de\/wp-json\/wp\/v2\/categories?post=8803"},{"taxonomy":"post_tag","embeddable":true,"href":"https:\/\/informacionlocal.es\/de\/wp-json\/wp\/v2\/tags?post=8803"}],"curies":[{"name":"wp","href":"https:\/\/api.w.org\/{rel}","templated":true}]}}