{"id":8793,"date":"2025-07-30T17:02:59","date_gmt":"2025-07-30T16:02:59","guid":{"rendered":"https:\/\/informacionlocal.es\/la-oliva-praesentiert-eine-kampagne-zur-verhinderung-des-ertrinkens-mit-der-fundacion-mapfre-canarias\/"},"modified":"2025-07-30T17:02:59","modified_gmt":"2025-07-30T16:02:59","slug":"la-oliva-praesentiert-eine-kampagne-zur-verhinderung-des-ertrinkens-mit-der-fundacion-mapfre-canarias","status":"publish","type":"post","link":"https:\/\/informacionlocal.es\/de\/la-oliva-praesentiert-eine-kampagne-zur-verhinderung-des-ertrinkens-mit-der-fundacion-mapfre-canarias\/","title":{"rendered":"La Oliva pr\u00e4sentiert eine Kampagne zur Verhinderung des Ertrinkens mit der Fundaci\u00f3n MAPFRE Canarias"},"content":{"rendered":"<p>Das Team f\u00fcr Sicherheit und Notf\u00e4lle der Stadtverwaltung von La Oliva unter der Leitung des B\u00fcrgermeisters Isa\u00ed Blanco arbeitet zusammen mit der Fundaci\u00f3n MAPFRE Canarias an der Kampagne zur Vorbeugung gegen Ertrinken &#8222;F\u00fcr einen sch\u00f6nen Sommer ist es wichtig, sicher zu sein&#8220;. In diesem Sinne verbreitet das Konsistorium zusammen mit der Fundaci\u00f3n MAPFRE Canarias die wichtigsten Pr\u00e4ventivma\u00dfnahmen bei Unf\u00e4llen im Wasser und vermittelt die notwendigen Handlungsrichtlinien f\u00fcr jede Art von Notfall am Strand.   <\/p>\n<p>Zu den h\u00e4ufigsten Ursachen f\u00fcr das Ertrinken geh\u00f6ren das Betreten des Wassers, ohne die Anweisungen des Bademeisters zu befolgen, die Unkenntnis der Umgebung, in der man schwimmen m\u00f6chte, und die Unkenntnis, wie man schwimmen soll, oder das Fehlen ausreichender Vorsichtsma\u00dfnahmen. Daher werden im Rahmen dieser Initiative die wichtigsten Str\u00e4nde der Gemeinde besucht, um das Bewusstsein f\u00fcr die Risikofaktoren zu sch\u00e4rfen und das n\u00f6tige Wissen zu vermitteln, wie man sich im schlimmsten Fall des Ertrinkens verhalten sollte.   <\/p>\n<p>Der B\u00fcrgermeister von La Oliva, Isa\u00ed Blanco, weist auf die Notwendigkeit hin, sich weiterhin auf die Pr\u00e4vention im Bereich der \u00f6ffentlichen Sicherheit und insbesondere im Bereich der Notf\u00e4lle zu konzentrieren: &#8222;Es stimmt zwar, dass die Stadtverwaltung st\u00e4ndig bestrebt ist, die Bedingungen f\u00fcr die Sicherheitsdienste zu verbessern, die wir nicht nur unseren Nachbarn, sondern auch den Touristen anbieten, die uns 365 Tage im Jahr besuchen, aber es ist auch notwendig, sich auf die Verbreitung von Grundkenntnissen im Falle jeglicher Art von Vorf\u00e4llen in der aquatischen Umwelt zu konzentrieren&#8220;.  <\/p>\n<p>Laura Ojeda, Koordinatorin des Bereichs Pr\u00e4vention und Verbreitung der Fundaci\u00f3n MAPFRE Canarias, unterstreicht die Bedeutung dieser Kampagne zur Verhinderung des Ertrinkens auf der Insel Fuerteventura, denn &#8222;sie wird einen echten Einfluss auf die Verhinderung und Verringerung von Unf\u00e4llen auf der Insel und vor allem auf die Sicherheit der Menschen haben, die unsere Str\u00e4nde genie\u00dfen&#8220;. Der Vertreter der Stiftung erkl\u00e4rte: &#8222;Die Sicherheit der Menschen auf den Kanarischen Inseln ist ein Ziel, an dem wir von der Stiftung aus unerm\u00fcdlich arbeiten. In den letzten zehn Jahren haben wir mehr als 12.000 Pr\u00e4ventionsma\u00dfnahmen durchgef\u00fchrt, an denen mehr als eine halbe Million Menschen aus dem gesamten Archipel teilgenommen haben&#8220;.   <\/p>\n<p>Die Workshops bieten den Teilnehmern grundlegende Richtlinien und Ratschl\u00e4ge zur Vermeidung des Ertrinkens, wie z. B. gemeinsam mit anderen zu baden, sich in nat\u00fcrlichen Gew\u00e4ssern in der N\u00e4he des Ufers aufzuhalten, sich nass zu machen, bevor man ins Wasser geht, keine gro\u00dfen Mahlzeiten vor dem Baden einzunehmen, nicht zu baden, wenn man sehr friert oder m\u00fcde ist, um Hilfe zu bitten, wenn man jemanden in Gefahr sieht, und daran zu denken, dass die Notrufnummer 112 lautet. Au\u00dferdem k\u00f6nnen die j\u00fcngsten Kinder an einem T-Shirt-Mal-Workshop teilnehmen, bei dem sie die gelernten Ratschl\u00e4ge anwenden k\u00f6nnen. <\/p>\n","protected":false},"excerpt":{"rendered":"<p><span>Unter dem Motto &#8222;F\u00fcr einen sch\u00f6nen Sommer ist es wichtig, vorbereitet zu sein&#8220; arbeitet das Notfallteam der Stadtverwaltung zusammen mit der Fundaci\u00f3n MAPFRE Canarias an der Vorbeugung und Aufkl\u00e4rung von Einheimischen und Besuchern der Gemeinde im Falle von Zwischenf\u00e4llen in der aquatischen Umwelt.<\/span><\/p>\n","protected":false},"author":1,"featured_media":8789,"comment_status":"open","ping_status":"open","sticky":false,"template":"","format":"standard","meta":{"inline_featured_image":false,"jnews-multi-image_gallery":[],"jnews_single_post":[],"jnews_primary_category":[],"jnews_social_meta":[],"jnews_override_counter":[],"jnews_post_split":[],"footnotes":""},"categories":[291],"tags":[216],"class_list":["post-8793","post","type-post","status-publish","format-standard","has-post-thumbnail","hentry","category-la-oliva-de","tag-fuerteventura-de"],"jetpack_featured_media_url":"https:\/\/informacionlocal.es\/wp-content\/uploads\/2025\/07\/5226_325c99e0.png","_links":{"self":[{"href":"https:\/\/informacionlocal.es\/de\/wp-json\/wp\/v2\/posts\/8793","targetHints":{"allow":["GET"]}}],"collection":[{"href":"https:\/\/informacionlocal.es\/de\/wp-json\/wp\/v2\/posts"}],"about":[{"href":"https:\/\/informacionlocal.es\/de\/wp-json\/wp\/v2\/types\/post"}],"author":[{"embeddable":true,"href":"https:\/\/informacionlocal.es\/de\/wp-json\/wp\/v2\/users\/1"}],"replies":[{"embeddable":true,"href":"https:\/\/informacionlocal.es\/de\/wp-json\/wp\/v2\/comments?post=8793"}],"version-history":[{"count":0,"href":"https:\/\/informacionlocal.es\/de\/wp-json\/wp\/v2\/posts\/8793\/revisions"}],"wp:featuredmedia":[{"embeddable":true,"href":"https:\/\/informacionlocal.es\/de\/wp-json\/wp\/v2\/media\/8789"}],"wp:attachment":[{"href":"https:\/\/informacionlocal.es\/de\/wp-json\/wp\/v2\/media?parent=8793"}],"wp:term":[{"taxonomy":"category","embeddable":true,"href":"https:\/\/informacionlocal.es\/de\/wp-json\/wp\/v2\/categories?post=8793"},{"taxonomy":"post_tag","embeddable":true,"href":"https:\/\/informacionlocal.es\/de\/wp-json\/wp\/v2\/tags?post=8793"}],"curies":[{"name":"wp","href":"https:\/\/api.w.org\/{rel}","templated":true}]}}