{"id":8771,"date":"2025-07-30T15:09:59","date_gmt":"2025-07-30T14:09:59","guid":{"rendered":"https:\/\/informacionlocal.es\/das-cabildo-ruft-zur-einreichung-von-antraegen-auf-zuschuesse-zur-foerderung-der-einstellung-und-gruendung-von-unternehmensinitiativen-auf\/"},"modified":"2025-07-30T15:09:59","modified_gmt":"2025-07-30T14:09:59","slug":"das-cabildo-ruft-zur-einreichung-von-antraegen-auf-zuschuesse-zur-foerderung-der-einstellung-und-gruendung-von-unternehmensinitiativen-auf","status":"publish","type":"post","link":"https:\/\/informacionlocal.es\/de\/das-cabildo-ruft-zur-einreichung-von-antraegen-auf-zuschuesse-zur-foerderung-der-einstellung-und-gruendung-von-unternehmensinitiativen-auf\/","title":{"rendered":"Das Cabildo ruft zur Einreichung von Antr\u00e4gen auf Zusch\u00fcsse zur F\u00f6rderung der Einstellung und Gr\u00fcndung von Unternehmensinitiativen auf"},"content":{"rendered":"<div class=\"entry-content\"><strong>30. Juli, 2025<\/strong><\/p>\n<p><em><strong>Die Grundlagen wurden verbessert, wobei Modellen der Vorzug gegeben wurde, die lokale Arbeitspl\u00e4tze schaffen, Gerechtigkeit f\u00f6rdern und mit sozialen Einrichtungen zusammenarbeiten.<\/strong><\/em><\/p>\n<p>Das Cabildo von Fuerteventura hat einen neuen Aufruf zur Einreichung von Antr\u00e4gen f\u00fcr Beihilfen zur F\u00f6rderung von Neueinstellungen und zur Durchf\u00fchrung von Unternehmensinitiativen auf der Insel er\u00f6ffnet. Insgesamt werden mehr als 1,4 Millionen Euro f\u00fcr die beiden Beihilfelinien bereitgestellt, die aus Eigenmitteln des Cabildo und aus Mitteln des Kanarischen Entwicklungsfonds (FDCAN) finanziert werden. &#8222;Diese Hilfen sind sehr notwendig, um das Wachstum des Unternehmensgef\u00fcges auf Fuerteventura zu f\u00f6rdern und gleichzeitig dazu beizutragen, die Arbeitslosigkeit auf Fuerteventura durch die F\u00f6rderung von Neueinstellungen zu verringern&#8220;, sagte die Pr\u00e4sidentin des Cabildo, Lola Garc\u00eda.  <\/p>\n<p>Die Stadtr\u00e4tin f\u00fcr Wirtschaftsf\u00f6rderung und Besch\u00e4ftigungsf\u00f6rderung, Nuria Cabrera, erkl\u00e4rt, dass 797.000 Euro f\u00fcr Beihilfen zur F\u00f6rderung von Einstellungen vorgesehen sind, die es den Beg\u00fcnstigten erm\u00f6glichen, die Gehaltskosten des eingestellten Personals sowie die Sozialversicherungsabgaben, die sie bei der Einstellung von neuem Personal zahlen m\u00fcssen, zu \u00fcbernehmen.<\/p>\n<p>637.364,65 Euro sind f\u00fcr die Linie der Subventionen f\u00fcr die Umsetzung von Unternehmensinitiativen vorgesehen, die sich an nat\u00fcrliche oder juristische Personen oder Gruppen davon richten, die Unternehmensprojekte auf der Insel Fuerteventura f\u00f6rdern.<\/p>\n<p>Interessierte Personen haben 10 Arbeitstage Zeit, ihre Bewerbungen \u00fcber die elektronische Zentrale des Cabildo de Fuerteventura einzureichen. Alle Informationen \u00fcber die Aufforderung zur Einreichung von Bewerbungen finden Sie unter: https:\/\/www.cabildofuer.es\/cabildo\/atencion-al-ciudadano\/ayudas-becas-y-subvenciones\/promocion-economica\/ <\/p>\n<p>In diesem Jahr wurde die Aufforderung zur Einreichung von Vorschl\u00e4gen durch die \u00c4nderung ihrer Grundlagen verbessert, um sie auf eine gr\u00f6\u00dfere Zahl von Beg\u00fcnstigten auszudehnen und sie an die Realit\u00e4t des Wirtschaftsgef\u00fcges von Majorero anzupassen. Cabrera erkl\u00e4rt, dass mit der \u00c4nderung der Regeln auf zwei allgemeine Forderungen der Beg\u00fcnstigten reagiert wurde. Zum einen wurde die Anmeldefrist verk\u00fcrzt, was den Zugang zu den Beihilfen erweitert. Zum anderen wurden die f\u00f6rderf\u00e4higen Kategorien klarer definiert und das Antragsverfahren vollst\u00e4ndig digitalisiert, was die Bearbeitung beschleunigt und vollst\u00e4ndig \u00fcber die elektronische Zentrale des Cabildo de Fuerteventura abgewickelt wird.   <\/p>\n<p>Die Beihilfen zur F\u00f6rderung von Neueinstellungen wurden an die aktuellen Bed\u00fcrfnisse des Arbeitsmarktes und die Profile der Bewerber angepasst. Bei den Beihilfen f\u00fcr die Gr\u00fcndung neuer Initiativen wird den Merkmalen des Projekts im aktuellen sozialen und wirtschaftlichen Kontext mehr Bedeutung beigemessen. <\/p>\n<p>Vorschl\u00e4ge, die neue Marktnischen aufsp\u00fcren, sich der Innovation verschrieben haben, die Wettbewerbsf\u00e4higkeit verbessern und Arbeitspl\u00e4tze mit h\u00f6herem Mehrwert schaffen, werden besonders gew\u00fcrdigt. Auch die Einhaltung von Nachhaltigkeitskriterien und die positiven Auswirkungen auf das soziale Wohlergehen werden ber\u00fccksichtigt. In diesem Zusammenhang wird Modellen Vorrang einger\u00e4umt, die die Besch\u00e4ftigung vor Ort f\u00f6rdern, die Gerechtigkeit unterst\u00fctzen und mit sozialen Einrichtungen zusammenarbeiten.  <\/p>\n<\/div>\n","protected":false},"excerpt":{"rendered":"<p>30. Juli, 2025 Die Grundlagen wurden verbessert, wobei Modellen der Vorzug gegeben wurde, die lokale Arbeitspl\u00e4tze schaffen, Gerechtigkeit f\u00f6rdern und mit sozialen Einrichtungen zusammenarbeiten. Das Cabildo von Fuerteventura hat einen [&hellip;]<\/p>\n","protected":false},"author":1,"featured_media":8765,"comment_status":"open","ping_status":"open","sticky":false,"template":"","format":"standard","meta":{"inline_featured_image":false,"jnews-multi-image_gallery":[],"jnews_single_post":[],"jnews_primary_category":[],"jnews_social_meta":[],"jnews_override_counter":[],"jnews_post_split":[],"footnotes":""},"categories":[287],"tags":[216],"class_list":["post-8771","post","type-post","status-publish","format-standard","has-post-thumbnail","hentry","category-cabildo-de","tag-fuerteventura-de"],"jetpack_featured_media_url":"https:\/\/informacionlocal.es\/wp-content\/uploads\/2025\/07\/gergh.jpeg","_links":{"self":[{"href":"https:\/\/informacionlocal.es\/de\/wp-json\/wp\/v2\/posts\/8771","targetHints":{"allow":["GET"]}}],"collection":[{"href":"https:\/\/informacionlocal.es\/de\/wp-json\/wp\/v2\/posts"}],"about":[{"href":"https:\/\/informacionlocal.es\/de\/wp-json\/wp\/v2\/types\/post"}],"author":[{"embeddable":true,"href":"https:\/\/informacionlocal.es\/de\/wp-json\/wp\/v2\/users\/1"}],"replies":[{"embeddable":true,"href":"https:\/\/informacionlocal.es\/de\/wp-json\/wp\/v2\/comments?post=8771"}],"version-history":[{"count":0,"href":"https:\/\/informacionlocal.es\/de\/wp-json\/wp\/v2\/posts\/8771\/revisions"}],"wp:featuredmedia":[{"embeddable":true,"href":"https:\/\/informacionlocal.es\/de\/wp-json\/wp\/v2\/media\/8765"}],"wp:attachment":[{"href":"https:\/\/informacionlocal.es\/de\/wp-json\/wp\/v2\/media?parent=8771"}],"wp:term":[{"taxonomy":"category","embeddable":true,"href":"https:\/\/informacionlocal.es\/de\/wp-json\/wp\/v2\/categories?post=8771"},{"taxonomy":"post_tag","embeddable":true,"href":"https:\/\/informacionlocal.es\/de\/wp-json\/wp\/v2\/tags?post=8771"}],"curies":[{"name":"wp","href":"https:\/\/api.w.org\/{rel}","templated":true}]}}