{"id":8733,"date":"2025-07-29T22:58:53","date_gmt":"2025-07-29T21:58:53","guid":{"rendered":"https:\/\/informacionlocal.es\/tetir-und-puerto-del-rosario-feiern-100-jahre-gemeinsame-geschichte-mit-einer-diskussionsrunde-und-traditioneller-musik\/"},"modified":"2025-07-29T22:58:53","modified_gmt":"2025-07-29T21:58:53","slug":"tetir-und-puerto-del-rosario-feiern-100-jahre-gemeinsame-geschichte-mit-einer-diskussionsrunde-und-traditioneller-musik","status":"publish","type":"post","link":"https:\/\/informacionlocal.es\/de\/tetir-und-puerto-del-rosario-feiern-100-jahre-gemeinsame-geschichte-mit-einer-diskussionsrunde-und-traditioneller-musik\/","title":{"rendered":"Tetir und Puerto del Rosario feiern 100 Jahre gemeinsame Geschichte mit einer Diskussionsrunde und traditioneller Musik."},"content":{"rendered":"<div class=\"entry-content\">\n<p>Am kommenden Mittwoch, dem 30. Juli, findet in Tetir im Rahmen der Fiestas de Santo Domingo de Guzm\u00e1n 2025 eine ganz besondere Veranstaltung statt, die an den hundertsten Jahrestag des Zusammenschlusses von Puerto Cabras und Tetir erinnert, zwei historische St\u00e4dte, die seit hundert Jahren ein gemeinsames Erbe haben.<\/p>\n<p>Das Kulturzentrum von Tetir ist Schauplatz dieses emotionalen Treffens, das um 20.00 Uhr mit einer Diskussionsrunde unter dem Titel &#8222;Puerto Cabras &#8211; Tetir: 100 Jahre Fusion&#8220; beginnt. Organisiert wird die Veranstaltung von der Nachbarschaftsvereinigung Vega de Tetir San Andr\u00e9s mit Unterst\u00fctzung des Rathauses von Puerto del Rosario durch die Abteilung f\u00fcr Kultur.<\/p>\n<p>Er\u00f6ffnet wird die Veranstaltung vom Stadtrat f\u00fcr Kultur, Juan Manuel Verdugo, der unterstreicht, wie wichtig es ist, mit Stolz auf die Vergangenheit und mit Verantwortung auf die Zukunft zu blicken und den historischen und menschlichen Wert anzuerkennen, den St\u00e4dte wie Tetir f\u00fcr die Hauptstadt geschaffen haben&#8220;.<\/p>\n<p>Im Laufe des Abends wird ein Werbevideo als Hommage an Tetir gezeigt, gefolgt von einem bereichernden Gespr\u00e4ch, das von Marusa Hern\u00e1ndez moderiert wird und an dem Sayo Cerde\u00f1a, Paco Cerde\u00f1a und Carlos Vera, f\u00fchrende Pers\u00f6nlichkeiten aus den Bereichen Geschichte, Kultur und Nachbarschaftsengagement, teilnehmen. Der offizielle Chronist Fuerteventuras, Tero Brito, wird ebenfalls zu Wort kommen, um die Bedeutung dieses hundertj\u00e4hrigen Zusammenschlusses zu kontextualisieren. <\/p>\n<p>An der Veranstaltung nimmt auch der B\u00fcrgermeister von Puerto del Rosario, David de Vera, teil, der betonte, &#8222;dass wir stolz darauf sind, dieses hundertj\u00e4hrige Jubil\u00e4um in Tetir zu feiern, einer Stadt, die es geschafft hat, ihre Identit\u00e4t, ihre Tradition und ihre Gastfreundschaft zu bewahren. Vom Rathaus aus unterst\u00fctzen wir weiterhin Veranstaltungen wie diese, die unser gemeinsames Erbe und unser kollektives Ged\u00e4chtnis st\u00e4rken&#8220;.<\/p>\n<p>Ab 21.00 Uhr gibt es dann eine musikalische Gedenkveranstaltung mit der Folklorevereinigung von Tetir sowie den K\u00fcnstlern Ayla, Julia und Pedro Umpi\u00e9rrez, drei Singer-Songwritern aus Majorero, die mit ihren Stimmen und ihrem k\u00fcnstlerischen Feingef\u00fchl dieses wichtige Datum f\u00fcr die Gemeinde untermalen werden.<\/p>\n<p>Die Stadtverwaltung von Puerto del Rosario dankt insbesondere der Nachbarschaftsvereinigung Vega de Tetir San Andr\u00e9s f\u00fcr ihr Engagement zur Erhaltung der Dorffeste und die Organisation solch bewegender Veranstaltungen wie dieser, die die Vergangenheit ehren und die Gegenwart lebendig werden lassen.<\/p>\n<p>Alle B\u00fcrgerinnen und B\u00fcrger sind eingeladen, an diesem historischen Tag teilzunehmen, an dem nicht nur eine Verwaltungsfusion gefeiert wird, sondern auch ein Zusammenschluss von Gef\u00fchlen, Traditionen und einer gemeinsamen Zukunft, denn ein Volk, das sich an seine Geschichte erinnert, ist ein Volk, das mit Kraft vorangeht.<\/p>\n<\/div>\n","protected":false},"excerpt":{"rendered":"<p>Am kommenden Mittwoch, dem 30. Juli, findet in Tetir im Rahmen der Fiestas de Santo Domingo de Guzm\u00e1n 2025 eine ganz besondere Veranstaltung statt, die an den hundertsten Jahrestag des [&hellip;]<\/p>\n","protected":false},"author":1,"featured_media":8729,"comment_status":"open","ping_status":"open","sticky":false,"template":"","format":"standard","meta":{"inline_featured_image":false,"jnews-multi-image_gallery":[],"jnews_single_post":[],"jnews_primary_category":[],"jnews_social_meta":[],"jnews_override_counter":[],"jnews_post_split":[],"footnotes":""},"categories":[293],"tags":[216],"class_list":["post-8733","post","type-post","status-publish","format-standard","has-post-thumbnail","hentry","category-puerto-del-rosario-de","tag-fuerteventura-de"],"jetpack_featured_media_url":"https:\/\/informacionlocal.es\/wp-content\/uploads\/2025\/07\/iglesia-itu-tetir-centenario.jpg","_links":{"self":[{"href":"https:\/\/informacionlocal.es\/de\/wp-json\/wp\/v2\/posts\/8733","targetHints":{"allow":["GET"]}}],"collection":[{"href":"https:\/\/informacionlocal.es\/de\/wp-json\/wp\/v2\/posts"}],"about":[{"href":"https:\/\/informacionlocal.es\/de\/wp-json\/wp\/v2\/types\/post"}],"author":[{"embeddable":true,"href":"https:\/\/informacionlocal.es\/de\/wp-json\/wp\/v2\/users\/1"}],"replies":[{"embeddable":true,"href":"https:\/\/informacionlocal.es\/de\/wp-json\/wp\/v2\/comments?post=8733"}],"version-history":[{"count":0,"href":"https:\/\/informacionlocal.es\/de\/wp-json\/wp\/v2\/posts\/8733\/revisions"}],"wp:featuredmedia":[{"embeddable":true,"href":"https:\/\/informacionlocal.es\/de\/wp-json\/wp\/v2\/media\/8729"}],"wp:attachment":[{"href":"https:\/\/informacionlocal.es\/de\/wp-json\/wp\/v2\/media?parent=8733"}],"wp:term":[{"taxonomy":"category","embeddable":true,"href":"https:\/\/informacionlocal.es\/de\/wp-json\/wp\/v2\/categories?post=8733"},{"taxonomy":"post_tag","embeddable":true,"href":"https:\/\/informacionlocal.es\/de\/wp-json\/wp\/v2\/tags?post=8733"}],"curies":[{"name":"wp","href":"https:\/\/api.w.org\/{rel}","templated":true}]}}