{"id":8720,"date":"2025-07-29T21:58:56","date_gmt":"2025-07-29T20:58:56","guid":{"rendered":"https:\/\/informacionlocal.es\/puerto-del-rosario-laedt-kuenstler-zur-teilnahme-an-der-ausstellung-a-contracultura-ein\/"},"modified":"2025-07-29T21:58:56","modified_gmt":"2025-07-29T20:58:56","slug":"puerto-del-rosario-laedt-kuenstler-zur-teilnahme-an-der-ausstellung-a-contracultura-ein","status":"publish","type":"post","link":"https:\/\/informacionlocal.es\/de\/puerto-del-rosario-laedt-kuenstler-zur-teilnahme-an-der-ausstellung-a-contracultura-ein\/","title":{"rendered":"Puerto del Rosario l\u00e4dt K\u00fcnstler zur Teilnahme an der Ausstellung &#8222;A contracultura&#8220; ein."},"content":{"rendered":"<div class=\"entry-content\">\n<p><strong>  Vom 02. September bis 25. September in der Casa de la Cultura von Puerto del Rosario.<\/strong><\/p>\n<p>Anl\u00e4sslich des Festivals &#8222;A contracultura&#8220;, das in der ersten Septemberwoche stattfindet, l\u00e4dt die Stadtverwaltung von Puerto del Rosario \u00fcber die Abteilung f\u00fcr Kultur kanarische K\u00fcnstler ein, ihre Werke im Rahmen des Festivals auszustellen. Die Ausstellung zielt darauf ab, neue Formen des Widerstands durch die Kunst zu manifestieren, in denen die K\u00fcnstler Konventionen in Bezug auf Identit\u00e4t, K\u00f6rper, Geschlecht und Natur in einer Tradition der Subversion etablierter Kanons in Frage stellen, \u00e4hnlich wie die gegenkulturellen Str\u00f6mungen der 60er und 70er Jahre, die eine radikale Revision von Politik, Identit\u00e4t und Kunst f\u00f6rderten und versuchten, in die Utopie und den Widerstand gegen orthodoxen Konventionalismus einzutauchen. <\/p>\n<p><strong>Die K\u00fcnstler k\u00f6nnen ihre k\u00fcnstlerischen Werke bis zum 26. August 2025<\/strong> in den R\u00e4umlichkeiten der Casa de la Cultura <strong>ausleihen<\/strong> <strong>, die nach der Ausstellung zur\u00fcckgegeben werden, es sei denn, sie genehmigen und formalisieren den Verkauf an Privatpersonen zu den von ihnen festgelegten Bedingungen.<\/strong><\/p>\n<p>Die verschiedenen Modalit\u00e4ten f\u00fcr die Einreichung der Arbeiten sind wie folgt:<\/p>\n<p><strong>Fotografie<\/strong><\/p>\n<p><strong>Malerei<\/strong><\/p>\n<p><strong>Keramik<\/strong><\/p>\n<p><strong>Bildhauerei<\/strong><\/p>\n<p><strong> <\/strong><strong>Das Werk muss eine kurze Beschreibung des Titels, des Autors und eine kurze Erl\u00e4uterung des Werks enthalten. Es werden maximal 20 Werke in streng chronologischer Reihenfolge der Einreichung ausgestellt. <\/strong><\/p>\n<p>Die Ausstellung wird unter ausdr\u00fccklicher Nennung der Ausstellungsteilnehmer bekannt gemacht.<\/p>\n<\/div>\n","protected":false},"excerpt":{"rendered":"<p>Vom 02. September bis 25. September in der Casa de la Cultura von Puerto del Rosario. Anl\u00e4sslich des Festivals &#8222;A contracultura&#8220;, das in der ersten Septemberwoche stattfindet, l\u00e4dt die Stadtverwaltung [&hellip;]<\/p>\n","protected":false},"author":1,"featured_media":8717,"comment_status":"open","ping_status":"open","sticky":false,"template":"","format":"standard","meta":{"inline_featured_image":false,"jnews-multi-image_gallery":[],"jnews_single_post":[],"jnews_primary_category":[],"jnews_social_meta":[],"jnews_override_counter":[],"jnews_post_split":[],"footnotes":""},"categories":[293],"tags":[],"class_list":["post-8720","post","type-post","status-publish","format-standard","has-post-thumbnail","hentry","category-puerto-del-rosario-de"],"jetpack_featured_media_url":"https:\/\/informacionlocal.es\/wp-content\/uploads\/2025\/07\/a-contra-cultura-25-titu.jpg","_links":{"self":[{"href":"https:\/\/informacionlocal.es\/de\/wp-json\/wp\/v2\/posts\/8720","targetHints":{"allow":["GET"]}}],"collection":[{"href":"https:\/\/informacionlocal.es\/de\/wp-json\/wp\/v2\/posts"}],"about":[{"href":"https:\/\/informacionlocal.es\/de\/wp-json\/wp\/v2\/types\/post"}],"author":[{"embeddable":true,"href":"https:\/\/informacionlocal.es\/de\/wp-json\/wp\/v2\/users\/1"}],"replies":[{"embeddable":true,"href":"https:\/\/informacionlocal.es\/de\/wp-json\/wp\/v2\/comments?post=8720"}],"version-history":[{"count":0,"href":"https:\/\/informacionlocal.es\/de\/wp-json\/wp\/v2\/posts\/8720\/revisions"}],"wp:featuredmedia":[{"embeddable":true,"href":"https:\/\/informacionlocal.es\/de\/wp-json\/wp\/v2\/media\/8717"}],"wp:attachment":[{"href":"https:\/\/informacionlocal.es\/de\/wp-json\/wp\/v2\/media?parent=8720"}],"wp:term":[{"taxonomy":"category","embeddable":true,"href":"https:\/\/informacionlocal.es\/de\/wp-json\/wp\/v2\/categories?post=8720"},{"taxonomy":"post_tag","embeddable":true,"href":"https:\/\/informacionlocal.es\/de\/wp-json\/wp\/v2\/tags?post=8720"}],"curies":[{"name":"wp","href":"https:\/\/api.w.org\/{rel}","templated":true}]}}