{"id":8708,"date":"2025-07-29T18:58:27","date_gmt":"2025-07-29T17:58:27","guid":{"rendered":"https:\/\/informacionlocal.es\/das-pfae-gj-fuerteventura-bewahrt-seine-umwelt-schult-junge-menschen-in-der-gartenarbeit-und-im-schutz-der-natuerlichen-umwelt\/"},"modified":"2025-07-29T18:58:27","modified_gmt":"2025-07-29T17:58:27","slug":"das-pfae-gj-fuerteventura-bewahrt-seine-umwelt-schult-junge-menschen-in-der-gartenarbeit-und-im-schutz-der-natuerlichen-umwelt","status":"publish","type":"post","link":"https:\/\/informacionlocal.es\/de\/das-pfae-gj-fuerteventura-bewahrt-seine-umwelt-schult-junge-menschen-in-der-gartenarbeit-und-im-schutz-der-natuerlichen-umwelt\/","title":{"rendered":"Das PFAE GJ &#8222;Fuerteventura bewahrt seine Umwelt&#8220; schult junge Menschen in der Gartenarbeit und im Schutz der nat\u00fcrlichen Umwelt."},"content":{"rendered":"<div class=\"entry-content\"><strong>29 Juli, 2025<\/strong><\/p>\n<p><em><strong>Derzeit arbeiten sie an der Kultivierung und Bepflanzung von Terrassen in der biologischen Station von La Oliva.<\/strong><\/em><\/p>\n<p>Insgesamt f\u00fcnfzehn arbeitslose Jugendliche erhalten eine Ausbildung im Gartenbau dank des PFAE GJ &#8222;Fuerteventura bewahrt seine Umwelt&#8220;, einem vom Cabildo von Fuerteventura gef\u00f6rderten und von der kanarischen Arbeitsverwaltung (SCE) finanzierten Programm, das die Besch\u00e4ftigungsf\u00e4higkeit von Jugendlichen mit besonderen Schwierigkeiten bei der Arbeitssuche verbessern soll.<\/p>\n<p>Dank dieses Ausbildungsprogramms in Abwechslung mit der Jugendbesch\u00e4ftigungsgarantie (PFAE-GJ) werden die Werkstudenten in den Zertifikaten der Professionalit\u00e4t f\u00fcr Hilfsarbeiten in G\u00e4rtnereien, G\u00e4rten und Gartenzentren sowie f\u00fcr die Anlage und Pflege von G\u00e4rten und Gr\u00fcnfl\u00e4chen ausgebildet. W\u00e4hrend der Entwicklung des Programms werden sie Arbeiten und Dienstleistungen in der Biologischen Station von La Oliva und im Stadtpark &#8222;La Tunera&#8220; in der Gemeinde La Oliva durchf\u00fchren. <\/p>\n<p>Zu ihren Aufgaben geh\u00f6rt die Ausf\u00fchrung von Hilfst\u00e4tigkeiten bei der Anlage und Pflege von G\u00e4rten, Parks und Gr\u00fcnanlagen sowie die Produktion von Pflanzen in Baumschulen. Bei diesen T\u00e4tigkeiten wird besonders auf die Einhaltung der Vorschriften \u00fcber Umweltschutz, Qualit\u00e4t und Verh\u00fctung von Berufsrisiken sowie auf den Einsatz von Gartenbaumaschinen und -ger\u00e4ten geachtet. <\/p>\n<p>Das Programm hat insgesamt 20 Teilnehmer, darunter 15 Werkstudenten sowie 5 Fachleute, die das Leitungsteam, den Koordinator, das Lehrpersonal und das Verwaltungspersonal bilden.<\/p>\n<p>Die Stadtr\u00e4tin f\u00fcr Besch\u00e4ftigungsf\u00f6rderung, Nuria Cabrera, besuchte die Ausbildung in Begleitung des Technikers der kanarischen Arbeitsverwaltung, Antonio Ojeda. Cabrera betonte, dass diese Jugendgarantie PFAE jungen Menschen die M\u00f6glichkeit bietet, in den Markt einzutreten und gleichzeitig dringend ben\u00f6tigte T\u00e4tigkeiten im \u00f6ffentlichen Dienst auszuf\u00fchren, die in diesem Fall auf eine gr\u00fcne Besch\u00e4ftigung mit Dienstleistungen f\u00fcr die nat\u00fcrliche Umwelt der Insel ausgerichtet sind. <\/p>\n<p>Das Projekt &#8222;Fuerteventura bewahrt seine Umwelt&#8220; hat eine Gesamtinvestition von 448.501,63 Euro und wird vom Kanarischen Arbeitsamt finanziert und zu 85 % vom Programm Kanarische Inseln Plus 2021-2027 des Europ\u00e4ischen Sozialfonds sowie vom Cabildo von Fuerteventura und der Regierung der Kanarischen Inseln aus Mitteln des Kanarischen Entwicklungsfonds (FDCAN) kofinanziert.<\/p>\n<\/div>\n","protected":false},"excerpt":{"rendered":"<p>29 Juli, 2025 Derzeit arbeiten sie an der Kultivierung und Bepflanzung von Terrassen in der biologischen Station von La Oliva. Insgesamt f\u00fcnfzehn arbeitslose Jugendliche erhalten eine Ausbildung im Gartenbau dank [&hellip;]<\/p>\n","protected":false},"author":1,"featured_media":8705,"comment_status":"open","ping_status":"open","sticky":false,"template":"","format":"standard","meta":{"inline_featured_image":false,"jnews-multi-image_gallery":[],"jnews_single_post":[],"jnews_primary_category":[],"jnews_social_meta":[],"jnews_override_counter":[],"jnews_post_split":[],"footnotes":""},"categories":[287],"tags":[216],"class_list":["post-8708","post","type-post","status-publish","format-standard","has-post-thumbnail","hentry","category-cabildo-de","tag-fuerteventura-de"],"jetpack_featured_media_url":"https:\/\/informacionlocal.es\/wp-content\/uploads\/2025\/07\/edfer-1.jpeg","_links":{"self":[{"href":"https:\/\/informacionlocal.es\/de\/wp-json\/wp\/v2\/posts\/8708","targetHints":{"allow":["GET"]}}],"collection":[{"href":"https:\/\/informacionlocal.es\/de\/wp-json\/wp\/v2\/posts"}],"about":[{"href":"https:\/\/informacionlocal.es\/de\/wp-json\/wp\/v2\/types\/post"}],"author":[{"embeddable":true,"href":"https:\/\/informacionlocal.es\/de\/wp-json\/wp\/v2\/users\/1"}],"replies":[{"embeddable":true,"href":"https:\/\/informacionlocal.es\/de\/wp-json\/wp\/v2\/comments?post=8708"}],"version-history":[{"count":0,"href":"https:\/\/informacionlocal.es\/de\/wp-json\/wp\/v2\/posts\/8708\/revisions"}],"wp:featuredmedia":[{"embeddable":true,"href":"https:\/\/informacionlocal.es\/de\/wp-json\/wp\/v2\/media\/8705"}],"wp:attachment":[{"href":"https:\/\/informacionlocal.es\/de\/wp-json\/wp\/v2\/media?parent=8708"}],"wp:term":[{"taxonomy":"category","embeddable":true,"href":"https:\/\/informacionlocal.es\/de\/wp-json\/wp\/v2\/categories?post=8708"},{"taxonomy":"post_tag","embeddable":true,"href":"https:\/\/informacionlocal.es\/de\/wp-json\/wp\/v2\/tags?post=8708"}],"curies":[{"name":"wp","href":"https:\/\/api.w.org\/{rel}","templated":true}]}}