{"id":8697,"date":"2025-07-29T18:04:39","date_gmt":"2025-07-29T17:04:39","guid":{"rendered":"https:\/\/informacionlocal.es\/das-cabildo-erinnert-mit-einer-fotoausstellung-an-das-50-jaehrige-bestehen-der-jugendwoche\/"},"modified":"2025-07-29T18:04:39","modified_gmt":"2025-07-29T17:04:39","slug":"das-cabildo-erinnert-mit-einer-fotoausstellung-an-das-50-jaehrige-bestehen-der-jugendwoche","status":"publish","type":"post","link":"https:\/\/informacionlocal.es\/de\/das-cabildo-erinnert-mit-einer-fotoausstellung-an-das-50-jaehrige-bestehen-der-jugendwoche\/","title":{"rendered":"Das Cabildo erinnert mit einer Fotoausstellung an das 50-j\u00e4hrige Bestehen der Jugendwoche"},"content":{"rendered":"<div class=\"entry-content\"><strong>29 Juli, 2025<\/strong><\/p>\n<p><em><strong>Die Ausstellung mit Fotografien von Carlos de Sa\u00e1 ist eine Reise durch ein halbes Jahrhundert Geschichte in der Bibliothek von Gran Tarajal und der Avenida Mar\u00edtima.<\/strong><\/em><\/p>\n<p>Das Cabildo von Fuerteventura w\u00fcrdigt die Jugendwoche von Gran Tarajal mit der Ausstellung &#8222;Jahre des Salzes: 50 Jahre jung sein&#8220;. Die von den Museen von Fuerteventura gef\u00f6rderte Ausstellung wird am Donnerstag, den 31. Juli, um 19.00 Uhr in der Bibliothek von Gran Tarajal er\u00f6ffnet. <\/p>\n<p>Die Pr\u00e4sidentin des Cabildo, Lola Garc\u00eda, und der Museumsrat von Fuerteventura laden Einwohner und Besucher zu einer Reise durch ein halbes Jahrhundert Geschichte ein. Die Fotografien von Carlos de Sa\u00e1 lassen die sch\u00f6nsten Momente der Jugendwoche von ihren Anf\u00e4ngen in den siebziger Jahren bis zu den j\u00fcngsten Ausgaben wieder aufleben.<\/p>\n<p>Die Ausstellung ist noch bis zum 15. September zu besichtigen. Sie wird in zwei R\u00e4umen zu sehen sein: in der Bibliothek von Gran Tarajal, wo Sie f\u00fcnf Jahrzehnte an Erinnerungen, unver\u00f6ffentlichtem Material und Anekdoten durchst\u00f6bern k\u00f6nnen, und in der Avenida Mar\u00edtima von Gran Tarajal. <\/p>\n<\/div>\n","protected":false},"excerpt":{"rendered":"<p>29 Juli, 2025 Die Ausstellung mit Fotografien von Carlos de Sa\u00e1 ist eine Reise durch ein halbes Jahrhundert Geschichte in der Bibliothek von Gran Tarajal und der Avenida Mar\u00edtima. Das [&hellip;]<\/p>\n","protected":false},"author":1,"featured_media":8693,"comment_status":"open","ping_status":"open","sticky":false,"template":"","format":"standard","meta":{"inline_featured_image":false,"jnews-multi-image_gallery":[],"jnews_single_post":[],"jnews_primary_category":[],"jnews_social_meta":[],"jnews_override_counter":[],"jnews_post_split":[],"footnotes":""},"categories":[287],"tags":[216],"class_list":["post-8697","post","type-post","status-publish","format-standard","has-post-thumbnail","hentry","category-cabildo-de","tag-fuerteventura-de"],"jetpack_featured_media_url":"https:\/\/informacionlocal.es\/wp-content\/uploads\/2025\/07\/gngn.jpeg","_links":{"self":[{"href":"https:\/\/informacionlocal.es\/de\/wp-json\/wp\/v2\/posts\/8697","targetHints":{"allow":["GET"]}}],"collection":[{"href":"https:\/\/informacionlocal.es\/de\/wp-json\/wp\/v2\/posts"}],"about":[{"href":"https:\/\/informacionlocal.es\/de\/wp-json\/wp\/v2\/types\/post"}],"author":[{"embeddable":true,"href":"https:\/\/informacionlocal.es\/de\/wp-json\/wp\/v2\/users\/1"}],"replies":[{"embeddable":true,"href":"https:\/\/informacionlocal.es\/de\/wp-json\/wp\/v2\/comments?post=8697"}],"version-history":[{"count":0,"href":"https:\/\/informacionlocal.es\/de\/wp-json\/wp\/v2\/posts\/8697\/revisions"}],"wp:featuredmedia":[{"embeddable":true,"href":"https:\/\/informacionlocal.es\/de\/wp-json\/wp\/v2\/media\/8693"}],"wp:attachment":[{"href":"https:\/\/informacionlocal.es\/de\/wp-json\/wp\/v2\/media?parent=8697"}],"wp:term":[{"taxonomy":"category","embeddable":true,"href":"https:\/\/informacionlocal.es\/de\/wp-json\/wp\/v2\/categories?post=8697"},{"taxonomy":"post_tag","embeddable":true,"href":"https:\/\/informacionlocal.es\/de\/wp-json\/wp\/v2\/tags?post=8697"}],"curies":[{"name":"wp","href":"https:\/\/api.w.org\/{rel}","templated":true}]}}